{"id":1029,"date":"2013-03-30T20:39:16","date_gmt":"2013-03-30T19:39:16","guid":{"rendered":"http:\/\/contrelenfermement.noblogs.org\/?p=1029"},"modified":"2013-03-30T20:39:49","modified_gmt":"2013-03-30T19:39:49","slug":"sur-les-grace-presidentielles","status":"publish","type":"post","link":"https:\/\/contrelenfermement.noblogs.org\/?p=1029","title":{"rendered":"Sur la gr\u00e2ce pr\u00e9sidentielle"},"content":{"rendered":"<div>\n<h5><\/h5>\n<p>Rep\u00e8res : <strong>2000<\/strong><\/p>\n<\/div>\n<div>\n<div>\n<p>Tel est le nombre de demandes de gr\u00e2ces en 2012 selon la chancellerie. Mais les chiffres des gr\u00e2ces sont aussi secrets que la proc\u00e9dure. Si bien qu\u2019on ne sait pas si ces 2 000\u00a0cas couvrent les seules demandes de gr\u00e2ce pour les condamnations criminelles et correctionnelles ou comprennent \u00e9galement les contraventions.<\/p>\n<div id=\"tt-viewport\"><strong>\u00abPolitiquement c\u2019est difficile \u00e0 g\u00e9rer : la gr\u00e2ce [pr\u00e9sidentielle] reste li\u00e9e \u00e0 l\u2019arbitraire royal.\u00bb<\/strong><\/div>\n<address><strong>Dominique Raimbourg<\/strong> d\u00e9put\u00e9 (PS) sp\u00e9cialis\u00e9 sur les questions de justice<\/address>\n<p><strong>Le condamn\u00e9, son avocat, ses proches, une association ou un procureur peuvent adresser un recours en gr\u00e2ce au chef de l\u2019Etat<\/strong>. La gr\u00e2ce individuelle dispense le condamn\u00e9 d\u2019effectuer tout ou partie de sa peine, mais sa condamnation reste inscrite au casier judiciaire. Il existe aussi la gr\u00e2ce collective. Traditionnellement le pr\u00e9sident de la R\u00e9publique octroyait chaque 14\u00a0juillet des remises de peine. Nicolas Sarkozy a mis fin \u00e0 cette pratique en 2008.<\/p>\n<p>&nbsp;<\/p>\n<p>source : http:\/\/www.liberation.fr\/societe\/2013\/03\/25\/reperes_891213<\/p>\n<\/div>\n<\/div>\n","protected":false},"excerpt":{"rendered":"<p>Rep\u00e8res : 2000 Tel est le nombre de demandes de gr\u00e2ces en 2012 selon la chancellerie. Mais les chiffres des gr\u00e2ces sont aussi secrets que la proc\u00e9dure. Si bien qu\u2019on ne sait pas si ces 2 000\u00a0cas couvrent les seules &hellip; <a href=\"https:\/\/contrelenfermement.noblogs.org\/?p=1029\">Continuer la lecture <span class=\"meta-nav\">&rarr;<\/span><\/a><\/p>\n","protected":false},"author":5244,"featured_media":0,"comment_status":"open","ping_status":"open","sticky":false,"template":"","format":"standard","meta":{"footnotes":""},"categories":[68],"tags":[847,850,342,127,42,482,845,230,18,849,846,848],"class_list":["post-1029","post","type-post","status-publish","format-standard","hentry","category-actualites-informations","tag-847","tag-arbitraire","tag-chef","tag-droit","tag-etat","tag-exception","tag-grace-presidentielles","tag-injustice","tag-justice","tag-president","tag-reperes","tag-royal"],"_links":{"self":[{"href":"https:\/\/contrelenfermement.noblogs.org\/index.php?rest_route=\/wp\/v2\/posts\/1029","targetHints":{"allow":["GET"]}}],"collection":[{"href":"https:\/\/contrelenfermement.noblogs.org\/index.php?rest_route=\/wp\/v2\/posts"}],"about":[{"href":"https:\/\/contrelenfermement.noblogs.org\/index.php?rest_route=\/wp\/v2\/types\/post"}],"author":[{"embeddable":true,"href":"https:\/\/contrelenfermement.noblogs.org\/index.php?rest_route=\/wp\/v2\/users\/5244"}],"replies":[{"embeddable":true,"href":"https:\/\/contrelenfermement.noblogs.org\/index.php?rest_route=%2Fwp%2Fv2%2Fcomments&post=1029"}],"version-history":[{"count":3,"href":"https:\/\/contrelenfermement.noblogs.org\/index.php?rest_route=\/wp\/v2\/posts\/1029\/revisions"}],"predecessor-version":[{"id":1032,"href":"https:\/\/contrelenfermement.noblogs.org\/index.php?rest_route=\/wp\/v2\/posts\/1029\/revisions\/1032"}],"wp:attachment":[{"href":"https:\/\/contrelenfermement.noblogs.org\/index.php?rest_route=%2Fwp%2Fv2%2Fmedia&parent=1029"}],"wp:term":[{"taxonomy":"category","embeddable":true,"href":"https:\/\/contrelenfermement.noblogs.org\/index.php?rest_route=%2Fwp%2Fv2%2Fcategories&post=1029"},{"taxonomy":"post_tag","embeddable":true,"href":"https:\/\/contrelenfermement.noblogs.org\/index.php?rest_route=%2Fwp%2Fv2%2Ftags&post=1029"}],"curies":[{"name":"wp","href":"https:\/\/api.w.org\/{rel}","templated":true}]}}