{"id":1036,"date":"2013-03-29T23:20:42","date_gmt":"2013-03-29T22:20:42","guid":{"rendered":"http:\/\/contrelenfermement.noblogs.org\/?p=1036"},"modified":"2013-03-31T23:23:27","modified_gmt":"2013-03-31T22:23:27","slug":"la-justice-suspend-la-fouille-corporelle-integrale-a-la-prison-de-fresnes","status":"publish","type":"post","link":"https:\/\/contrelenfermement.noblogs.org\/?p=1036","title":{"rendered":"La justice suspend la fouille corporelle int\u00e9grale \u00e0 la prison de Fresnes"},"content":{"rendered":"<article>Le tribunal administratif de Melun (Seine-et-Marne) a suspendu vendredi 29 mars la fouille corporelle int\u00e9grale pour les d\u00e9tenus acc\u00e9dant au parloir, institu\u00e9e par le directeur de la prison de Fresnes (Val-de-Marne), selon une d\u00e9cision obtenue par l&rsquo;AFP.<\/p>\n<div id=\"articleBody\">\n<p>Le juge du tribunal administratif avait \u00e9t\u00e9 saisi d&rsquo;un r\u00e9f\u00e9r\u00e9-libert\u00e9 par la section fran\u00e7aise de l&rsquo;Observatoire <a href=\"http:\/\/www.lemonde.fr\/international\/\">international<\/a> des <a href=\"http:\/\/www.lemonde.fr\/prisons\/\">prisons<\/a> (OIP), qui avait d\u00e9j\u00e0 obtenu une premi\u00e8re d\u00e9cision favorable devant la m\u00eame juridiction en juillet 2012.<\/p>\n<p>Dans une note dat\u00e9e du 24 d\u00e9cembre 2012, le directeur de la maison d&rsquo;arr\u00eat de Fresnes avait institu\u00e9 un r\u00e9gime de fouilles corporelles int\u00e9grales syst\u00e9matiques pour tous les d\u00e9tenus s&rsquo;\u00e9tant rendu au parloir. Le juge a notamment relev\u00e9 que <em>\u00ab\u00a0l&rsquo;administration (n&rsquo;avait) fait \u00e9tat d&rsquo;aucun \u00e9v\u00e9nement particulier (&#8230;) de nature \u00e0 <a href=\"http:\/\/conjugaison.lemonde.fr\/conjugaison\/troisieme-groupe\/faire\" target=\"_blank\">faire<\/a> pr\u00e9sumer un risque pour la s\u00e9curit\u00e9 des personnes ou le maintien du bon ordre dans l&rsquo;\u00e9tablissement\u00a0\u00bb<\/em>.<\/p>\n<p>Il a \u00e9galement not\u00e9 que <em>\u00ab\u00a0l&rsquo;application syst\u00e9matique d&rsquo;un tel r\u00e9gime aux d\u00e9tenus de Fresnes lors de chaque visite qu&rsquo;ils re\u00e7oivent constitue une atteinte grave et manifestement ill\u00e9gale \u00e0 la libert\u00e9 fondamentale\u00a0\u00bb<\/em> de ces d\u00e9tenus. La d\u00e9cision de juillet concernait une premi\u00e8re note du directeur de l&rsquo;\u00e9tablissement, en date du 5 juin.<\/p>\n<p>&nbsp;<\/p>\n<address>source : Le Monde.fr avec AFP | 29.03.2013<\/address>\n<\/div>\n<\/article>\n","protected":false},"excerpt":{"rendered":"<p>Le tribunal administratif de Melun (Seine-et-Marne) a suspendu vendredi 29 mars la fouille corporelle int\u00e9grale pour les d\u00e9tenus acc\u00e9dant au parloir, institu\u00e9e par le directeur de la prison de Fresnes (Val-de-Marne), selon une d\u00e9cision obtenue par l&rsquo;AFP. Le juge du &hellip; <a href=\"https:\/\/contrelenfermement.noblogs.org\/?p=1036\">Continuer la lecture <span class=\"meta-nav\">&rarr;<\/span><\/a><\/p>\n","protected":false},"author":5244,"featured_media":0,"comment_status":"open","ping_status":"open","sticky":false,"template":"","format":"standard","meta":{"footnotes":""},"categories":[68,3],"tags":[338,854,853,292,124],"class_list":["post-1036","post","type-post","status-publish","format-standard","hentry","category-actualites-informations","category-prisons","tag-administration","tag-directeur","tag-fresnes","tag-juge","tag-parloir"],"_links":{"self":[{"href":"https:\/\/contrelenfermement.noblogs.org\/index.php?rest_route=\/wp\/v2\/posts\/1036","targetHints":{"allow":["GET"]}}],"collection":[{"href":"https:\/\/contrelenfermement.noblogs.org\/index.php?rest_route=\/wp\/v2\/posts"}],"about":[{"href":"https:\/\/contrelenfermement.noblogs.org\/index.php?rest_route=\/wp\/v2\/types\/post"}],"author":[{"embeddable":true,"href":"https:\/\/contrelenfermement.noblogs.org\/index.php?rest_route=\/wp\/v2\/users\/5244"}],"replies":[{"embeddable":true,"href":"https:\/\/contrelenfermement.noblogs.org\/index.php?rest_route=%2Fwp%2Fv2%2Fcomments&post=1036"}],"version-history":[{"count":2,"href":"https:\/\/contrelenfermement.noblogs.org\/index.php?rest_route=\/wp\/v2\/posts\/1036\/revisions"}],"predecessor-version":[{"id":1038,"href":"https:\/\/contrelenfermement.noblogs.org\/index.php?rest_route=\/wp\/v2\/posts\/1036\/revisions\/1038"}],"wp:attachment":[{"href":"https:\/\/contrelenfermement.noblogs.org\/index.php?rest_route=%2Fwp%2Fv2%2Fmedia&parent=1036"}],"wp:term":[{"taxonomy":"category","embeddable":true,"href":"https:\/\/contrelenfermement.noblogs.org\/index.php?rest_route=%2Fwp%2Fv2%2Fcategories&post=1036"},{"taxonomy":"post_tag","embeddable":true,"href":"https:\/\/contrelenfermement.noblogs.org\/index.php?rest_route=%2Fwp%2Fv2%2Ftags&post=1036"}],"curies":[{"name":"wp","href":"https:\/\/api.w.org\/{rel}","templated":true}]}}