{"id":1043,"date":"2013-04-01T11:42:11","date_gmt":"2013-04-01T10:42:11","guid":{"rendered":"http:\/\/contrelenfermement.noblogs.org\/?p=1043"},"modified":"2013-04-01T11:42:11","modified_gmt":"2013-04-01T10:42:11","slug":"le-prisonnier-politique-basque-xabier-lopez-pena-a-ete-victime-dun-infarctus","status":"publish","type":"post","link":"https:\/\/contrelenfermement.noblogs.org\/?p=1043","title":{"rendered":"Le prisonnier politique basque Xabier L\u00f3pez Pe\u00f1a a \u00e9t\u00e9 victime d\u2019un infarctus"},"content":{"rendered":"<p>Le prisonnier politique basque Xabier L\u00f3pez Pe\u00f1a, incarc\u00e9r\u00e9 \u00e0 Fleury, a \u00e9t\u00e9 victime d\u2019un infarctus. Suite \u00e0 un accident cardiovasculaire, L\u00f3pez Pe\u00f1a avait \u00e9t\u00e9 hospitalis\u00e9 le 11 mars dernier. Ce n\u2019est qu\u2019apr\u00e8s une semaine enti\u00e8re que sa famille comme son avocate ont pu prendre connaissance de son \u00e9tat et de son hospitalisation.<\/p>\n<p>L\u2019infarctus dont a \u00e9t\u00e9 victime Xabier L\u00f3pez Pe\u00f1a \u00e0 la prison fran\u00e7aise de Fleury met en \u00e9vidence les risques provoqu\u00e9s par une politique p\u00e9nitentiaire qui flirte de mani\u00e8re macabre avec la fatalit\u00e9. La prise de connaissance du grave probl\u00e8me de sant\u00e9 dont souffre L\u00f3pez Pe\u00f1a co\u00efncide avec une accumulation de mauvaises nouvelles survenues en prison, toutes ayant pour d\u00e9nominateur commun le non-respect des Droits de l\u2019Homme et la souffrance.<\/p>\n<p>La prison en elle-m\u00eame est un nid de maladies, tel que le d\u00e9montrent de nombreuses \u00e9tudes m\u00e9dicales, ce \u00e0 quoi il faut rajouter les mesures d\u2019exception appliqu\u00e9es aux prisonnier(e)s politiques basques. La combinaison des deux entra\u00eene de mani\u00e8re \u00e9vidente une violation des Droits de l\u2019Homme. Les cons\u00e9quences sont forc\u00e9ment tr\u00e8s douloureuses pour une grande partie de la soci\u00e9t\u00e9 basque.<\/p>\n<p>Le r\u00e9cent d\u00e9c\u00e8s d\u2019\u00c1ngel Figueroa -en prison \u00e0 domicile avec une \u00e9pilepsie grave-, le cancer de la prostate diagnostiqu\u00e9 \u00e0 Ventura Tom\u00e9, la scl\u00e9rose en plaques dont souffre Ibon Fern\u00e1ndez Iradi ou l\u2019infarctus dont a \u00e9t\u00e9 victime L\u00f3pez Pe\u00f1a sont les derniers exemples d\u2019une liste bien trop longue. Le mois de mars a montr\u00e9 avec toute sa cruaut\u00e9 les effets d\u2019une politique p\u00e9nitentiaire qui ne cesse de g\u00e9n\u00e9rer souffrance, violations, maladies et mort. Depuis Herrira nous r\u00e9clamons encore une fois la lib\u00e9ration des prisonniers malades, pour faire en sorte que des situations tragiques et irr\u00e9versibles telles que celle d\u2019\u00c1ngel Figueroa et des 22 autres prisonniers politiques basques morts en cons\u00e9quence de la politique p\u00e9nitentiaire ne se reproduisent.<\/p>\n<p>Il ne s\u2019agit pas d\u2019\u00e9v\u00e9nements isol\u00e9s ni dus au hasard. La violence exerc\u00e9e \u00e0 l\u2019encontre des prisonniers politiques basques est une cons\u00e9quence directe de la politique p\u00e9nitentiaire utilis\u00e9e dans le but de bafouer des droits en toute impunit\u00e9. Le fait que ce genre de nouvelles qui retournent le c\u0153ur de milliers de citoyen(ne)s basques nous arrivent des prisons est un vrai scandale, sachant le d\u00e9sir de la soci\u00e9t\u00e9 basque de laisser derri\u00e8re elle souffrance et violations des Droits de l\u2019Homme.<\/p>\n<p>Il est indispensable d\u2019en finir avec les mesures d\u2019exception. Les gouvernements qui les maintiennent sont d\u2019une irresponsabilit\u00e9 absolue, on ne peut d\u00e9finitivement pas jouer de mani\u00e8re quotidienne avec la vie de milliers de personnes. Cette situation g\u00e9n\u00e8re l\u2019une des plus importantes violations des Droits de l\u2019Homme qui existe en Europe et doit cesser imm\u00e9diatement.<\/p>\n<p>La soci\u00e9t\u00e9 basque souhaite des solutions et en finir enfin avec toutes les souffrances, elle souhaite le respect des Droits de l\u2019Homme et le d\u00e9passement des cons\u00e9quences du conflit, la construction d\u2019espaces de collaboration, avancer jusque la paix. En ce sens elle souhaite un changement de la politique p\u00e9nitentiaire pour en terminer avec les violations des Droits de l\u2019Homme qu\u2019elle provoque. Herrira travaille sans cesse pour atteindre cet objectif par l\u2019accumulation de forces et les initiatives qui rassemblent le plus grand nombre de personnes possible.<\/p>\n<p>source : http:\/\/herrira.org\/fr\/2013\/03\/le-prisonnier-politique-basque-xabier-lopez-pena-a-ete-victime-dun-infarctus\/<\/p>\n","protected":false},"excerpt":{"rendered":"<p>Le prisonnier politique basque Xabier L\u00f3pez Pe\u00f1a, incarc\u00e9r\u00e9 \u00e0 Fleury, a \u00e9t\u00e9 victime d\u2019un infarctus. Suite \u00e0 un accident cardiovasculaire, L\u00f3pez Pe\u00f1a avait \u00e9t\u00e9 hospitalis\u00e9 le 11 mars dernier. Ce n\u2019est qu\u2019apr\u00e8s une semaine enti\u00e8re que sa famille comme son &hellip; <a href=\"https:\/\/contrelenfermement.noblogs.org\/?p=1043\">Continuer la lecture <span class=\"meta-nav\">&rarr;<\/span><\/a><\/p>\n","protected":false},"author":5244,"featured_media":0,"comment_status":"open","ping_status":"open","sticky":false,"template":"","format":"standard","meta":{"footnotes":""},"categories":[10],"tags":[856],"class_list":["post-1043","post","type-post","status-publish","format-standard","hentry","category-ils-ont-ete-tues","tag-xabier-lopez-pena"],"_links":{"self":[{"href":"https:\/\/contrelenfermement.noblogs.org\/index.php?rest_route=\/wp\/v2\/posts\/1043","targetHints":{"allow":["GET"]}}],"collection":[{"href":"https:\/\/contrelenfermement.noblogs.org\/index.php?rest_route=\/wp\/v2\/posts"}],"about":[{"href":"https:\/\/contrelenfermement.noblogs.org\/index.php?rest_route=\/wp\/v2\/types\/post"}],"author":[{"embeddable":true,"href":"https:\/\/contrelenfermement.noblogs.org\/index.php?rest_route=\/wp\/v2\/users\/5244"}],"replies":[{"embeddable":true,"href":"https:\/\/contrelenfermement.noblogs.org\/index.php?rest_route=%2Fwp%2Fv2%2Fcomments&post=1043"}],"version-history":[{"count":2,"href":"https:\/\/contrelenfermement.noblogs.org\/index.php?rest_route=\/wp\/v2\/posts\/1043\/revisions"}],"predecessor-version":[{"id":1045,"href":"https:\/\/contrelenfermement.noblogs.org\/index.php?rest_route=\/wp\/v2\/posts\/1043\/revisions\/1045"}],"wp:attachment":[{"href":"https:\/\/contrelenfermement.noblogs.org\/index.php?rest_route=%2Fwp%2Fv2%2Fmedia&parent=1043"}],"wp:term":[{"taxonomy":"category","embeddable":true,"href":"https:\/\/contrelenfermement.noblogs.org\/index.php?rest_route=%2Fwp%2Fv2%2Fcategories&post=1043"},{"taxonomy":"post_tag","embeddable":true,"href":"https:\/\/contrelenfermement.noblogs.org\/index.php?rest_route=%2Fwp%2Fv2%2Ftags&post=1043"}],"curies":[{"name":"wp","href":"https:\/\/api.w.org\/{rel}","templated":true}]}}