{"id":1055,"date":"2013-04-03T00:50:10","date_gmt":"2013-04-02T23:50:10","guid":{"rendered":"http:\/\/contrelenfermement.noblogs.org\/?p=1055"},"modified":"2013-04-03T00:50:10","modified_gmt":"2013-04-02T23:50:10","slug":"a-la-prison-de-lyon-corbas-un-detenu-place-a-lisolement-a-cause-de-la-surpopulation","status":"publish","type":"post","link":"https:\/\/contrelenfermement.noblogs.org\/?p=1055","title":{"rendered":"A la prison de Lyon-Corbas, un d\u00e9tenu plac\u00e9 \u00e0 l\u2019isolement \u00e0 cause de la surpopulation"},"content":{"rendered":"<header><strong>C\u2019est une d\u00e9cision qui a de quoi surprendre. Transf\u00e9r\u00e9 de la prison de Rouen le 14 mars \u00e0 celle de Lyon-Corbas, un d\u00e9tenu a \u00e9t\u00e9 plac\u00e9 \u00e0 l\u2019isolement, \u00ab\u00a0compte tenu de la surpopulation actuelle de l\u2019\u00e9tablissement\u00a0\u00bb.<\/strong><\/p>\n<\/header>\n<p>L\u2019administration p\u00e9nitentiaire justifie sa d\u00e9cision par \u00ab\u00a0l\u2019importance\u00a0\u00bb du proc\u00e8s aux assises dans lequel va compara\u00eetre Eug\u00e8ne B., \u00e0 partir du 2 avril. Il est en effet poursuivi pour <a href=\"https:\/\/www.isere.fr\/Pages\/Depeche.aspx?itemid=5943\" target=\"_blank\">complicit\u00e9 dans l\u2019\u00e9vasion de la centrale de Moulins<\/a> en 2009. Des faits largement \u00ab\u00a0m\u00e9diatis\u00e9s\u00a0\u00bb \u00e0 l\u2019\u00e9poque comme le souligne \u00e9galement la p\u00e9nitentiaire. Eug\u00e8ne B. est accus\u00e9 d\u2019avoir incit\u00e9 sa compagne \u00e0 apporter les armes ayant servi aux deux fugitifs.<\/p>\n<p>Pour autant, la direction de la prison ne met pas en avant une dangerosit\u00e9 particuli\u00e8re de ce d\u00e9tenu. Elle avance une raison \u00e9tonnante :<\/p>\n<blockquote><p>\u00ab\u00a0La surpopulation actuelle de l\u2019\u00e9tablissement ne permet pas un placement en cellule individuelle\u00a0\u00bb.<\/p><\/blockquote>\n<p>Or Eug\u00e8ne B. ne supporte pas cette mesure d\u2019isolement, qui n\u2019est pas, au sens strict, une punition (comme le placement au mitard) mais qui y ressemble.<br \/>\nLe prisonnier <a href=\"http:\/\/fr.wikipedia.org\/wiki\/Isolement_%28prison%29\" target=\"_blank\">plac\u00e9 \u00e0 l\u2019isolement<\/a> \u00e9tant priv\u00e9 de tout contact avec les autres d\u00e9tenus. La seule diff\u00e9rence avec le quartier disciplinaire, est qu\u2019il n\u2019est pas priv\u00e9 de t\u00e9l\u00e9vision, ni de la cantine.<\/p>\n<p>D\u00e9fendu par l\u2019avocat David Metaxas, Eug\u00e8ne B. a donc fait un recours contre cette d\u00e9cision. Jug\u00e9 vendredi en urgence devant le tribunal administratif de Lyon, il a \u00e9t\u00e9 d\u00e9bout\u00e9.<br \/>\nUn jugement qui ne surprend pas Lionel Perrin de l\u2019Observatoire International des Prisons (OIP) qui soutenait le recours du prisonnier :<\/p>\n<blockquote><p>\u00ab\u00a0C\u2019est une jurisprudence constante. Le juge des r\u00e9f\u00e9r\u00e9s ne reconna\u00eet jamais le caract\u00e8re d\u2019urgence d\u2019un recours contre un placement \u00e0 l\u2019isolement. Si l\u2019affaire \u00e9tait jug\u00e9e sur le fond, la d\u00e9cision de l\u2019administration p\u00e9nitentiaire serait annul\u00e9e car aucun risque d\u2019atteinte \u00e0 la s\u00e9curit\u00e9 n\u2019a \u00e9t\u00e9 avanc\u00e9\u00a0\u00bb.<\/p><\/blockquote>\n<p>Cette d\u00e9cision de la direction de l\u2019administration p\u00e9nitentiaire vient une nouvelle fois rappeler <a href=\"http:\/\/www.liberation.fr\/societe\/2013\/03\/15\/corbas-ou-l-echec-des-prisons-modeles_888885\" target=\"_blank\">les difficult\u00e9s que conna\u00eet cette maison d\u2019arr\u00eat ultra-moderne<\/a> de Lyon-Corbas inaugur\u00e9e en 2009. La prison o\u00f9 l\u2019on se suicide le plus en France est \u00e9galement surpeupl\u00e9e (879 d\u00e9tenus pour 688 places au 1er f\u00e9vrier 2013). Et pour cette raison, on place des d\u00e9tenus \u00e0 l\u2019isolement.<\/p>\n<address>source : http:\/\/www.rue89lyon.fr\/2013\/03\/30\/prison-lyon-corbas-detenu-place-isolement-cause-dsurpopulation\/<\/address>\n","protected":false},"excerpt":{"rendered":"<p>C\u2019est une d\u00e9cision qui a de quoi surprendre. Transf\u00e9r\u00e9 de la prison de Rouen le 14 mars \u00e0 celle de Lyon-Corbas, un d\u00e9tenu a \u00e9t\u00e9 plac\u00e9 \u00e0 l\u2019isolement, \u00ab\u00a0compte tenu de la surpopulation actuelle de l\u2019\u00e9tablissement\u00a0\u00bb. L\u2019administration p\u00e9nitentiaire justifie sa &hellip; <a href=\"https:\/\/contrelenfermement.noblogs.org\/?p=1055\">Continuer la lecture <span class=\"meta-nav\">&rarr;<\/span><\/a><\/p>\n","protected":false},"author":5244,"featured_media":0,"comment_status":"open","ping_status":"open","sticky":false,"template":"","format":"standard","meta":{"footnotes":""},"categories":[6],"tags":[871,688,870,872,383],"class_list":["post-1055","post","type-post","status-publish","format-standard","hentry","category-comment-ils-nous-enferment","tag-etablissement","tag-isolement","tag-lyon-corbas","tag-moulins","tag-surpopulation"],"_links":{"self":[{"href":"https:\/\/contrelenfermement.noblogs.org\/index.php?rest_route=\/wp\/v2\/posts\/1055","targetHints":{"allow":["GET"]}}],"collection":[{"href":"https:\/\/contrelenfermement.noblogs.org\/index.php?rest_route=\/wp\/v2\/posts"}],"about":[{"href":"https:\/\/contrelenfermement.noblogs.org\/index.php?rest_route=\/wp\/v2\/types\/post"}],"author":[{"embeddable":true,"href":"https:\/\/contrelenfermement.noblogs.org\/index.php?rest_route=\/wp\/v2\/users\/5244"}],"replies":[{"embeddable":true,"href":"https:\/\/contrelenfermement.noblogs.org\/index.php?rest_route=%2Fwp%2Fv2%2Fcomments&post=1055"}],"version-history":[{"count":1,"href":"https:\/\/contrelenfermement.noblogs.org\/index.php?rest_route=\/wp\/v2\/posts\/1055\/revisions"}],"predecessor-version":[{"id":1056,"href":"https:\/\/contrelenfermement.noblogs.org\/index.php?rest_route=\/wp\/v2\/posts\/1055\/revisions\/1056"}],"wp:attachment":[{"href":"https:\/\/contrelenfermement.noblogs.org\/index.php?rest_route=%2Fwp%2Fv2%2Fmedia&parent=1055"}],"wp:term":[{"taxonomy":"category","embeddable":true,"href":"https:\/\/contrelenfermement.noblogs.org\/index.php?rest_route=%2Fwp%2Fv2%2Fcategories&post=1055"},{"taxonomy":"post_tag","embeddable":true,"href":"https:\/\/contrelenfermement.noblogs.org\/index.php?rest_route=%2Fwp%2Fv2%2Ftags&post=1055"}],"curies":[{"name":"wp","href":"https:\/\/api.w.org\/{rel}","templated":true}]}}