{"id":1126,"date":"2013-04-22T19:19:22","date_gmt":"2013-04-22T18:19:22","guid":{"rendered":"http:\/\/contrelenfermement.noblogs.org\/?p=1126"},"modified":"2013-04-28T19:24:19","modified_gmt":"2013-04-28T18:24:19","slug":"23e-suicide-en-prison","status":"publish","type":"post","link":"https:\/\/contrelenfermement.noblogs.org\/?p=1126","title":{"rendered":"23e suicide en prison"},"content":{"rendered":"<p>C&rsquo;est dans la nuit du Samedi 20 au Dimanche 21 avril que s&rsquo;est pendu, un jeune homme de 20 ans, avec une corde qu&rsquo;il confectionn\u00e9e par lui m\u00eame, annonce aujourd&rsquo;hui le Parisien.<\/p>\n<div>\n<div>\n<p>Reste n\u00e9anmoins \u00e0 confirmer si le jeune d\u00e9tenu s&rsquo;est pendu dans l&rsquo;EPSNF (Etablissement Public de Sant\u00e9 National de Fresnes) ou \u00e0 l&rsquo;UPH (Unit\u00e9 Psychiatrique d&rsquo;Hospitalisation)<\/p>\n<p>Ce suicide est le 23\u00e8me en milieu carc\u00e9ral depuis le 1er Janvier 2013 et le premier de cet \u00e9tablissement de 1700 places du Val de Marne.<\/p>\n<p>L&rsquo;\u00e9tat avait d\u00e9j\u00e0 \u00e9t\u00e9 mis en cause en 2009 dans le suicide d&rsquo;un d\u00e9tenu malade \u00e0 Fresnes.<\/p>\n<p>( http:\/\/www.rtl.fr\/actualites\/article\/l-etat-mis-en-cause-dans-le-suicide-d-un-detenu-malade-5948257257 )<\/p>\n<\/div>\n<\/div>\n<div>\n<div><a href=\"http:\/\/img.over-blog-kiwi.com\/0\/48\/39\/19\/obpicB40vli.jpeg\" rel=\"fancybox\"><img decoding=\"async\" alt=\"\" src=\"http:\/\/img.over-blog-kiwi.com\/0\/48\/39\/19\/obpicB40vli.jpeg\" \/><\/a><\/div>\n<\/div>\n<div>\n<div><a href=\"http:\/\/img.over-blog-kiwi.com\/0\/48\/39\/19\/obpicrw6am4.jpeg\" rel=\"fancybox\"><img decoding=\"async\" alt=\"\" src=\"http:\/\/img.over-blog-kiwi.com\/0\/48\/39\/19\/obpicrw6am4.jpeg\" \/><\/a><\/div>\n<div><\/div>\n<address><strong>Source : http:\/\/vivresaprison.overblog.com\/23e-suicide-en-prison<\/strong><\/address>\n<\/div>\n","protected":false},"excerpt":{"rendered":"<p>C&rsquo;est dans la nuit du Samedi 20 au Dimanche 21 avril que s&rsquo;est pendu, un jeune homme de 20 ans, avec une corde qu&rsquo;il confectionn\u00e9e par lui m\u00eame, annonce aujourd&rsquo;hui le Parisien. Reste n\u00e9anmoins \u00e0 confirmer si le jeune d\u00e9tenu &hellip; <a href=\"https:\/\/contrelenfermement.noblogs.org\/?p=1126\">Continuer la lecture <span class=\"meta-nav\">&rarr;<\/span><\/a><\/p>\n","protected":false},"author":5244,"featured_media":0,"comment_status":"open","ping_status":"open","sticky":false,"template":"","format":"standard","meta":{"footnotes":""},"categories":[10],"tags":[],"class_list":["post-1126","post","type-post","status-publish","format-standard","hentry","category-ils-ont-ete-tues"],"_links":{"self":[{"href":"https:\/\/contrelenfermement.noblogs.org\/index.php?rest_route=\/wp\/v2\/posts\/1126","targetHints":{"allow":["GET"]}}],"collection":[{"href":"https:\/\/contrelenfermement.noblogs.org\/index.php?rest_route=\/wp\/v2\/posts"}],"about":[{"href":"https:\/\/contrelenfermement.noblogs.org\/index.php?rest_route=\/wp\/v2\/types\/post"}],"author":[{"embeddable":true,"href":"https:\/\/contrelenfermement.noblogs.org\/index.php?rest_route=\/wp\/v2\/users\/5244"}],"replies":[{"embeddable":true,"href":"https:\/\/contrelenfermement.noblogs.org\/index.php?rest_route=%2Fwp%2Fv2%2Fcomments&post=1126"}],"version-history":[{"count":1,"href":"https:\/\/contrelenfermement.noblogs.org\/index.php?rest_route=\/wp\/v2\/posts\/1126\/revisions"}],"predecessor-version":[{"id":1127,"href":"https:\/\/contrelenfermement.noblogs.org\/index.php?rest_route=\/wp\/v2\/posts\/1126\/revisions\/1127"}],"wp:attachment":[{"href":"https:\/\/contrelenfermement.noblogs.org\/index.php?rest_route=%2Fwp%2Fv2%2Fmedia&parent=1126"}],"wp:term":[{"taxonomy":"category","embeddable":true,"href":"https:\/\/contrelenfermement.noblogs.org\/index.php?rest_route=%2Fwp%2Fv2%2Fcategories&post=1126"},{"taxonomy":"post_tag","embeddable":true,"href":"https:\/\/contrelenfermement.noblogs.org\/index.php?rest_route=%2Fwp%2Fv2%2Ftags&post=1126"}],"curies":[{"name":"wp","href":"https:\/\/api.w.org\/{rel}","templated":true}]}}