{"id":1128,"date":"2013-04-20T19:25:20","date_gmt":"2013-04-20T18:25:20","guid":{"rendered":"http:\/\/contrelenfermement.noblogs.org\/?p=1128"},"modified":"2013-04-28T19:29:15","modified_gmt":"2013-04-28T18:29:15","slug":"a-lyon-le-proces-dune-evasion-tourne-a-celui-de-la-prison","status":"publish","type":"post","link":"https:\/\/contrelenfermement.noblogs.org\/?p=1128","title":{"rendered":"A Lyon, le proc\u00e8s d&rsquo;une \u00e9vasion tourne \u00e0 celui de la prison"},"content":{"rendered":"<p>&nbsp;<\/p>\n<div><img decoding=\"async\" alt=\"Le prison de Moulins-Yzeure lors de la reconstitution de l'\u00e9vasion de deux d\u00e9tenus, le 30 septembre 2009.\" src=\"http:\/\/md0.libe.com\/photo\/506830\/?modified_at=1366289824&amp;ratio_x=03&amp;ratio_y=02&amp;width=476\" \/><\/p>\n<div>Le prison de Moulins-Yzeure lors de la reconstitution de l&rsquo;\u00e9vasion de deux d\u00e9tenus, le 30 septembre 2009.<\/div>\n<div>(Photo Thierry Zoccolan.)<\/div>\n<div>\n<p><em>\u00abSi je retourne en prison, ce sera la guerre ce coup-ci, la vraie\u00bb<\/em>. Ce matin, Christophe Khider a clairement averti les magistrats et les jur\u00e9s de la cour d\u2019assises du Rh\u00f4ne devant laquelle il compara\u00eet depuis le 2\u00a0avril pour s\u2019\u00eatre \u00e9vad\u00e9 en 2009 de la prison de Moulins en prenant cinq personnes en otages. <em>\u00abJe vous promets que je vais briser le meilleur qu\u2019il y a en moi pour correspondre \u00e0 ce que vous dites de moi\u00bb<\/em>, a-t-il ajout\u00e9.<\/p>\n<p>Bernard Ripert, son avocat, avait aussi pr\u00e9venu dans sa plaidoirie\u00a0: <em>\u00abCela fait dix-huit ans que Christophe Khider est en prison. Et \u00e7a suffit.\u00bb<\/em> Le 15\u00a0f\u00e9vrier 2009, ce d\u00e9tenu, aujourd\u2019hui \u00e2g\u00e9 de 42\u00a0ans, s\u2019est fait la belle de la prison de Moulins-Yzeure (Allier) avec Omar Top El Hadj, 34\u00a0ans, en faisant exploser deux portes blind\u00e9es, et en prenant en otage deux surveillants et plusieurs automobilistes.<\/p>\n<p>Apr\u00e8s trente-six heures de cavale, les deux hommes ont \u00e9t\u00e9 arr\u00eat\u00e9s. Ils comparaissent depuis le 2\u00a0avril jusqu\u2019au 19 devant les assises du Rh\u00f4ne pour plusieurs chefs d\u2019inculpation dont \u00e9vasion en bande organis\u00e9e et s\u00e9questration d\u2019otages.<\/p>\n<p>Deux femmes sont \u00e9galement jug\u00e9es pour complicit\u00e9 dans cette affaire\u00a0: Sylvie Piciotti, qui \u00e9tait alors la compagne de Khider, et Nadia Kabouche. La premi\u00e8re a convaincu la seconde de faire entrer, dans la prison, scotch\u00e9s entre ses omoplates, les explosifs et les armes qui ont servi \u00e0 l\u2019\u00e9vasion. Portant des broches m\u00e9talliques dans le dos, Nadia Kabouche \u00e9tait dispens\u00e9e de passer sous le portique de s\u00e9curit\u00e9 car elle le faisait sonner. Le dernier pr\u00e9venu est Eug\u00e8ne Baeb, ex-compagnon de Nadia Kabouche, accus\u00e9 de l\u2019avoir pouss\u00e9e \u00e0 faire la mule contre quelques milliers d\u2019euros.<\/p>\n<p>Dans la salle d\u2019audience, deux camps se regardent en chiens de fa\u00efence. D\u2019un c\u00f4t\u00e9, les parties civiles dont les surveillants de la prison de Moulins pris en otage et leurs familles. De l\u2019autre des membres du collectif l&rsquo;Envol\u00e9e qui se battent contre\u00a0<em>\u00abune justice qui enferme toujours plus et toujours plus longtemps\u00bb<\/em>. <em>\u00abChristophe et Omar purgeaient des peines infinies quand ils se sont \u00e9vad\u00e9s\u00bb<\/em>, soulignent-ils.<\/p>\n<h3>\u00abSi \u00e7a d\u00e9rape, tu me mets une balle dans la t\u00eate\u00bb<\/h3>\n<p>Condamn\u00e9 \u00e0 trente ans de prison, en 1995, pour un hold-up suivi du meurtre d\u2019un automobiliste qu&rsquo;il a toujours jug\u00e9 \u00eatre accidentel, Christophe Khider a tent\u00e9 de s\u2019\u00e9vader \u00e0 plusieurs reprises, ce qui fait de lui un d\u00e9tenu particuli\u00e8rement surveill\u00e9. Il a pass\u00e9 sept ann\u00e9es \u00e0 l\u2019isolement, enferm\u00e9 23\u00a0heures sur 24. Avant les \u00e9v\u00e9nements qui lui valent de compara\u00eetre aujourd\u2019hui, il \u00e9tait lib\u00e9rable en 2038.<\/p>\n<p>Omar Top El Hadj, lui aussi, a un long pass\u00e9 de d\u00e9tenu. Incarc\u00e9r\u00e9 pour la premi\u00e8re fois en 1999 pour r\u00e9cidive de vol aggrav\u00e9, il a encha\u00een\u00e9 les condamnations et les s\u00e9jours en prison. Il a \u00e9galement pass\u00e9 six ans \u00e0 l\u2019isolement. Et \u00e9tait lib\u00e9rable en 2020.<\/p>\n<p>Dans le box des accus\u00e9s, Christophe Khider se tient tr\u00e8s droit, le corps d\u00e9tendu. Parfois il ferme les yeux, \u00e0 d\u2019autres moments il sourit, se penche vers ses avocats pour plaisanter avec eux. Omar Top El Hadj, lui, lance \u00e0 intervalles r\u00e9guliers des invectives contre les conditions de vie en d\u00e9tention. Les deux femmes se tiennent coites. Eug\u00e8ne Baeb aussi jusqu\u2019\u00e0 jeudi matin o\u00f9 \u00e0 l\u2019ouverture des d\u00e9bats, il se jette sur Christophe Khider. L\u2019attitude de ce dernier, refusant de le disculper, aurait motiv\u00e9 cette agression, explique David Metaxas, son avocat. Au d\u00e9but des d\u00e9bats, Christophe Khider a pris ses responsabilit\u00e9s\u00a0: <em>\u00abJ\u2019ai ourdi, j\u2019ai foment\u00e9 tout cela en solo.\u00bb<\/em> Ensuite, il a laiss\u00e9 chacun se d\u00e9brouiller avec les accusations dont il est l\u2019objet.<\/p>\n<p>Khider est beau gosse, et le sait. <em>\u00abIl est \u00e9l\u00e9gant, galant\u00bb<\/em>, dit Sylvie Piciotti. Face \u00e0 la cour, il affiche une forme de d\u00e9contraction. Plaisantant avec le pr\u00e9sident \u00e0 propos des ann\u00e9es pass\u00e9es dans un coll\u00e8ge j\u00e9suite\u00a0: <em>\u00abJ\u2019aimais pas, c\u2019\u00e9tait long et p\u00e9nible. Un peu comme la cour d\u2019assises. Mais c\u2019\u00e9tait une sorte de pr\u00e9paration \u00e0 la prison.\u00bb<\/em> De sa belle, il a fait une geste dont il est le h\u00e9ros\u00a0: <em>\u00abMon souci a toujours \u00e9t\u00e9 qu\u2019il n\u2019y ait pas de sang vers\u00e9 au cours de cette op\u00e9ration.\u00bb<\/em> A la barre, un surveillant pris en otage confirme\u00a0: <em>\u00abJ\u2019avais peur, j\u2019ai dit \u00e0 Christophe Khider\u00a0: \u00ab\u00a0Si \u00e7a d\u00e9rape, tu me mets une balle dans la t\u00eate\u00a0\u00bb. Il m\u2019a dit\u00a0: \u00ab\u00a0T\u2019inqui\u00e8te pas surveillant, je te tuerai pas\u00a0\u00bb.\u00bb<\/em><\/p>\n<p>Ce beau r\u00e9cit s\u2019arr\u00eate aux porte de l\u2019\u00e9tablissement p\u00e9nitentiaire. <em>\u00abQuelle \u00e9tait la finalit\u00e9 de cette \u00e9vasion\u00a0? Il n\u2019y avait pas de logistique derri\u00e8re. C\u2019\u00e9tait compl\u00e8tement al\u00e9atoire. A l\u2019ext\u00e9rieur, il n\u2019y avait rien de pr\u00e9vu, pas d\u2019\u00e9quipe, rien\u00bb<\/em>, a relev\u00e9 un enqu\u00eateur. Devant le juge d\u2019instruction, Christophe Khider a affirm\u00e9 que l\u2019op\u00e9ration \u00e9tait <em>\u00abtotalement improvis\u00e9e\u00bb<\/em> et que son seul but \u00e9tait <em>\u00abd\u2019\u00eatre libre\u00bb<\/em>. Apr\u00e8s avoir vol\u00e9 une voiture sur le parking des visiteurs, Christophe Khider et Omar Top El Hadj ont pris la fuite, la police aux trousses, et ont \u00e9t\u00e9 arr\u00eat\u00e9s en r\u00e9gion parisienne.<\/p>\n<h3>\u00a0\u00abMachines \u00e0 d\u00e9truire les hommes\u00bb<\/h3>\n<p>Ce proc\u00e8s a \u00e9t\u00e9 aussi celui de la prison et des longues peines. <em>\u00abOn va tenter de vous expliquer ce qu\u2019est une incarc\u00e9ration mais on ne va pas y arriver\u00bb<\/em>, a d\u00e9clar\u00e9 David Metaxas, l\u2019avocat d\u2019Edouard Baeb. Et de poursuivre, faisant allusion \u00e0 ses propres ennuis judiciaires puisqu\u2019il a \u00e9t\u00e9 lui-m\u00eame mis en examen pour recel de violation de secret professionnel dans l\u2019affaire de corruption pr\u00e9sum\u00e9e du commissaire lyonnais Neyret\u00a0: <em>\u00abfin mars 2012 j\u2019ai \u00e9t\u00e9 arr\u00eat\u00e9 et conduit en prison. Je ne peux pas le raconter\u00bb<\/em>.<\/p>\n<p>Pierre Lumbroso, l\u2019avocat d\u2019Omar Top El Hadj, a demand\u00e9 <em>\u00abl\u2019abolition de la prison\u00bb<\/em>. <em>\u00abJe pense que la prison ne sert strictement \u00e0 rien\u00bb<\/em>, a-t-il pr\u00e9cis\u00e9. Selon lui, <em>\u00abil y a des r\u00e9ponses possibles<\/em> [\u00e0 la d\u00e9linquance ndlr] <em>hors les murs. Mais on pr\u00e9f\u00e8re construire des machines \u00e0 d\u00e9truire les hommes\u00bb<\/em>.<\/p>\n<p>Quant \u00e0 Bernard Ripert, il a pr\u00e9venu une nouvelle fois la cour\u00a0: <em>\u00abChristophe Khider n\u2019est pas homme \u00e0 renoncer. Il n\u2019entend pas attendre<\/em> [la fin de sa peine]<em>. Il ne veut pas vous donner encore 37 ans de sa vie\u00bb<\/em>.<\/p>\n<p>Ce matin, Dominique Br\u00e9joux a donn\u00e9 la parole aux accus\u00e9s avant que les jur\u00e9s se retirent pour d\u00e9lib\u00e9rer. Nadia Kabouche s\u2019est dite <em>\u00abhonteuse d\u2019avoir g\u00e2ch\u00e9 la vie de<\/em> [s]<em>a famille et de<\/em> [s]<em>on fils\u00bb<\/em> et Sylvie Piciotti s\u2019est dite <em>\u00abus\u00e9e par la d\u00e9tention\u00bb<\/em>. <em>\u00abLe jugement que je risque de prendre sera aussi d\u00e9gueulasse que les prisons dans lesquelles j\u2019ai \u00e9t\u00e9\u00bb<\/em>, a d\u00e9clar\u00e9 Edouard Baeb.<\/p>\n<p>Estimant n\u2019avoir <em>\u00abpas eu l\u2019occasion de parler pendant le proc\u00e8s\u00bb<\/em>, Omar Top El Hadj a entam\u00e9 le r\u00e9cit des injustices dont il estime avoir \u00e9t\u00e9 l\u2019objet de la part de la police, de l\u2019administration p\u00e9nitentiaire et de la justice depuis des ann\u00e9es, avant que le pr\u00e9sident ne lui demande d\u2019abr\u00e9ger et ne finisse par le faire expulser.<\/p>\n<p>Dernier \u00e0 s\u2019exprimer, Christophe Khider a rappel\u00e9 le souvenir de d\u00e9tenus rencontr\u00e9s en prison et qui ont fini par perdre tout espoir d\u2019en sortir un jour\u00a0: <em>\u00abPhilippe, \u00e7a fait 37 ans. Il ne sortira pas, il va mourir l\u00e0-bas\u00bb<\/em>, a-t-il pr\u00e9cis\u00e9, avant de conclure\u00a0: <em>\u00abje ne peux plus. Je ne veux plus\u00bb<\/em>.<\/p>\n<p>Le minist\u00e8re public a requis des peines de dix-huit \u00e0 vingt-deux ans \u00e0 l&rsquo;encontre de Christophe Khider et d&rsquo;Omar Top El Hadj, et de neuf ans \u00e0 l&rsquo;encontre des trois autres accus\u00e9s. Le verdict est attendu dans l&rsquo;apr\u00e8s-midi.<\/p>\n<p>&nbsp;<\/p>\n<address>Source : http:\/\/www.liberation.fr\/societe\/2013\/04\/18\/a-lyon-le-proces-d-une-evasion-tourne-a-celui-de-la-prison_897147?utm_source=dlvr.it&amp;utm_medium=twitter<\/address>\n<\/div>\n<\/div>\n","protected":false},"excerpt":{"rendered":"<p>&nbsp; Le prison de Moulins-Yzeure lors de la reconstitution de l&rsquo;\u00e9vasion de deux d\u00e9tenus, le 30 septembre 2009. (Photo Thierry Zoccolan.) \u00abSi je retourne en prison, ce sera la guerre ce coup-ci, la vraie\u00bb. Ce matin, Christophe Khider a clairement &hellip; <a href=\"https:\/\/contrelenfermement.noblogs.org\/?p=1128\">Continuer la lecture <span class=\"meta-nav\">&rarr;<\/span><\/a><\/p>\n","protected":false},"author":5244,"featured_media":0,"comment_status":"open","ping_status":"open","sticky":false,"template":"","format":"standard","meta":{"footnotes":""},"categories":[6],"tags":[],"class_list":["post-1128","post","type-post","status-publish","format-standard","hentry","category-comment-ils-nous-enferment"],"_links":{"self":[{"href":"https:\/\/contrelenfermement.noblogs.org\/index.php?rest_route=\/wp\/v2\/posts\/1128","targetHints":{"allow":["GET"]}}],"collection":[{"href":"https:\/\/contrelenfermement.noblogs.org\/index.php?rest_route=\/wp\/v2\/posts"}],"about":[{"href":"https:\/\/contrelenfermement.noblogs.org\/index.php?rest_route=\/wp\/v2\/types\/post"}],"author":[{"embeddable":true,"href":"https:\/\/contrelenfermement.noblogs.org\/index.php?rest_route=\/wp\/v2\/users\/5244"}],"replies":[{"embeddable":true,"href":"https:\/\/contrelenfermement.noblogs.org\/index.php?rest_route=%2Fwp%2Fv2%2Fcomments&post=1128"}],"version-history":[{"count":1,"href":"https:\/\/contrelenfermement.noblogs.org\/index.php?rest_route=\/wp\/v2\/posts\/1128\/revisions"}],"predecessor-version":[{"id":1129,"href":"https:\/\/contrelenfermement.noblogs.org\/index.php?rest_route=\/wp\/v2\/posts\/1128\/revisions\/1129"}],"wp:attachment":[{"href":"https:\/\/contrelenfermement.noblogs.org\/index.php?rest_route=%2Fwp%2Fv2%2Fmedia&parent=1128"}],"wp:term":[{"taxonomy":"category","embeddable":true,"href":"https:\/\/contrelenfermement.noblogs.org\/index.php?rest_route=%2Fwp%2Fv2%2Fcategories&post=1128"},{"taxonomy":"post_tag","embeddable":true,"href":"https:\/\/contrelenfermement.noblogs.org\/index.php?rest_route=%2Fwp%2Fv2%2Ftags&post=1128"}],"curies":[{"name":"wp","href":"https:\/\/api.w.org\/{rel}","templated":true}]}}