{"id":1186,"date":"2013-03-14T20:21:51","date_gmt":"2013-03-14T19:21:51","guid":{"rendered":"http:\/\/contrelenfermement.noblogs.org\/?p=1186"},"modified":"2013-05-14T20:27:18","modified_gmt":"2013-05-14T19:27:18","slug":"la-famille-a-lepreuve-de-la-prison-caroline-touraut","status":"publish","type":"post","link":"https:\/\/contrelenfermement.noblogs.org\/?p=1186","title":{"rendered":"\u00ab La famille \u00e0 l\u2019\u00e9preuve de la prison \u00bb, Caroline Touraut"},"content":{"rendered":"<div>\n<h2><\/h2>\n<p><img loading=\"lazy\" decoding=\"async\" alt=\"\" src=\"http:\/\/www.centre-max-weber.fr\/local\/cache-vignettes\/L150xH150\/arton101-82f49.jpg\" width=\"150\" height=\"150\" \/><\/div>\n<div><\/div>\n<div><\/div>\n<div>\n<div>\n<p>Loin de ne concerner que les d\u00e9tenus, la peine d\u2019emprisonnement s\u2019impose aussi \u00e0 leur famille. C\u2019est la raison pour laquelle on peut parler d\u2019une exp\u00e9rience carc\u00e9rale \u00e9largie. L\u2019enqu\u00eate men\u00e9e en France aupr\u00e8s de proches de d\u00e9tenus permet de mesurer l\u2019ampleur des dommages sociaux, \u00e9conomiques, relationnels et identitaires auxquels ils sont confront\u00e9s. Loin d\u2019une vision mis\u00e9rabiliste, l\u2019\u00e9tude rend compte de la capacit\u00e9 plurielle des acteurs \u00e0 \u00ab\u00a0faire face\u00a0\u00bb \u00e0 l\u2019\u00e9preuve. Aborder l\u2019incarc\u00e9ration du point de vue des proches de d\u00e9tenus offre un autre regard sur l\u2019institution carc\u00e9rale et sur ses fronti\u00e8res. Si ce livre interroge la prison, il porte tout autant sur la famille. L\u2019incarc\u00e9ration ne marque pas toujours la fin des histoires conjugales et familiales. Pendant la d\u00e9tention, des liens r\u00e9sistent, se cimentent, ou naissent parfois. Les soutiens et les \u00e9changes qui s\u2019observent malgr\u00e9 les murs sont multiples. Cependant, les relations entre les d\u00e9tenus et leurs familles sont aussi empreintes de tensions, de silences, de mensonges et de doutes. Au-del\u00e0 du monde acad\u00e9mique, ce livre int\u00e9ressera bien entendu les acteurs impliqu\u00e9s d\u2019une fa\u00e7on ou d\u2019une autre dans la gestion quotidienne de la vie carc\u00e9rale, mais il pourra aussi instruire celles et ceux qui r\u00e9fl\u00e9chissent sur les formes contemporaines du lien social.<\/p>\n<p>http:\/\/www.librairie-sciencespo.fr\/politiques-publiques\/politiques-de-securite-prisons\/livre\/la-famille-a-l-epreuve-de-la-prison\/caroline-touraut\/9782130592181.html<\/p><\/div>\n<\/div>\n","protected":false},"excerpt":{"rendered":"<p>Loin de ne concerner que les d\u00e9tenus, la peine d\u2019emprisonnement s\u2019impose aussi \u00e0 leur famille. C\u2019est la raison pour laquelle on peut parler d\u2019une exp\u00e9rience carc\u00e9rale \u00e9largie. L\u2019enqu\u00eate men\u00e9e en France aupr\u00e8s de proches de d\u00e9tenus permet de mesurer l\u2019ampleur &hellip; <a href=\"https:\/\/contrelenfermement.noblogs.org\/?p=1186\">Continuer la lecture <span class=\"meta-nav\">&rarr;<\/span><\/a><\/p>\n","protected":false},"author":5244,"featured_media":0,"comment_status":"open","ping_status":"open","sticky":false,"template":"","format":"standard","meta":{"footnotes":""},"categories":[188],"tags":[1009,15,117],"class_list":["post-1186","post","type-post","status-publish","format-standard","hentry","category-livres","tag-caroline-touraut","tag-prison","tag-proche"],"_links":{"self":[{"href":"https:\/\/contrelenfermement.noblogs.org\/index.php?rest_route=\/wp\/v2\/posts\/1186","targetHints":{"allow":["GET"]}}],"collection":[{"href":"https:\/\/contrelenfermement.noblogs.org\/index.php?rest_route=\/wp\/v2\/posts"}],"about":[{"href":"https:\/\/contrelenfermement.noblogs.org\/index.php?rest_route=\/wp\/v2\/types\/post"}],"author":[{"embeddable":true,"href":"https:\/\/contrelenfermement.noblogs.org\/index.php?rest_route=\/wp\/v2\/users\/5244"}],"replies":[{"embeddable":true,"href":"https:\/\/contrelenfermement.noblogs.org\/index.php?rest_route=%2Fwp%2Fv2%2Fcomments&post=1186"}],"version-history":[{"count":1,"href":"https:\/\/contrelenfermement.noblogs.org\/index.php?rest_route=\/wp\/v2\/posts\/1186\/revisions"}],"predecessor-version":[{"id":1187,"href":"https:\/\/contrelenfermement.noblogs.org\/index.php?rest_route=\/wp\/v2\/posts\/1186\/revisions\/1187"}],"wp:attachment":[{"href":"https:\/\/contrelenfermement.noblogs.org\/index.php?rest_route=%2Fwp%2Fv2%2Fmedia&parent=1186"}],"wp:term":[{"taxonomy":"category","embeddable":true,"href":"https:\/\/contrelenfermement.noblogs.org\/index.php?rest_route=%2Fwp%2Fv2%2Fcategories&post=1186"},{"taxonomy":"post_tag","embeddable":true,"href":"https:\/\/contrelenfermement.noblogs.org\/index.php?rest_route=%2Fwp%2Fv2%2Ftags&post=1186"}],"curies":[{"name":"wp","href":"https:\/\/api.w.org\/{rel}","templated":true}]}}