{"id":122,"date":"2012-05-02T14:32:02","date_gmt":"2012-05-02T12:32:02","guid":{"rendered":"http:\/\/contrelenfermement.noblogs.org\/?p=122"},"modified":"2012-05-02T14:32:02","modified_gmt":"2012-05-02T12:32:02","slug":"qhs-et-rebellion","status":"publish","type":"post","link":"https:\/\/contrelenfermement.noblogs.org\/?p=122","title":{"rendered":"QHS et r\u00e9bellion"},"content":{"rendered":"<p>En juin 2008, un module d&rsquo;isolement ouvrait dans la prison de Bruges, Belgique.<\/p>\n<p>C&rsquo;\u00e9tait la r\u00e9ponse de l&rsquo;\u00c9tat face aux multiples r\u00e9bellions, \u00e9vasions et \u00e9meutes qui avaient echauff\u00e9e bien des coeurs \u00e0 l&rsquo;int\u00e9rieur qu&rsquo;\u00e0 l&rsquo;ext\u00e9rieur de la prison. Le quartier de haute s\u00e9curit\u00e9 (QHS) : dix cellules individuelles contenant le strict minimum, deux cachots, une quarantaine de matons et des &lsquo;blouses blanches&rsquo; &#8212; m\u00e9decins, psychiatres, psychologues, infirmiers. Le but : briser les d\u00e9tenus r\u00e9calcitrants. L&rsquo;\u00c9tat y impose un r\u00e9gime s\u00e9v\u00e8re, utilisant la torture physique et mentale, administrant drogues l\u00e9gales et injections. Les d\u00e9tenus y sont enferm\u00e9s de quelques mois \u00e0 un an (voire plus) pour briser tout esprit rebelle, faire avaler les fables du &lsquo;bon chemin&rsquo; et de la bonne conduite et \u00e9viter les r\u00e9bellions possiblement contagieuses en \u00e9cartant les soi-disant meneurs. Nous voulons rappeler la r\u00e9sistance de l&rsquo;int\u00e9rieur que ce lieu infect a connu depuis ses d\u00e9buts et, \u00e0 la fois, encourager une lutte contre l&rsquo;isolement, partie int\u00e9grante d&rsquo;une lutte plus globale contre la prison et les diff\u00e9rentes formes d&rsquo;oppression et de privation de libert\u00e9. Une lutte qui ne se r\u00e9duit pas \u00e0 demander des am\u00e9liorations du r\u00e9gime p\u00e9nitentiaire, qui ne demande rien \u00e0 un \u00c9tat mettant tout en oeuvre pour maintenir les rapports sociaux d&rsquo;oppression et \u00e9teindre les feux de la r\u00e9volte. Aujourd&rsquo;hui, la r\u00e9sistance dans les prisons se situe toujours sur le fil du rasoir. Le d\u00e9sir de libert\u00e9 ne se laisse pas facilement contrecarrer. Des \u00e9vasions toujours plus violentes sont la r\u00e9ponse aux mesures de s\u00e9curit\u00e9 croissantes, la violence contre les matons r\u00e9pond \u00e0 l&rsquo;arrogance de ceux qui se cachent derri\u00e8re la toute-puissance de leurs syndicats. Une violence qui se dirige clairement contre l&rsquo;oppresseur et qui reste, apr\u00e8s tout, relative dans le contexte de l&rsquo;enfermement et des humiliations quotidiennes.<\/p>\n<p><iframe loading=\"lazy\" title=\"QHS et r\u00e9bellion\" width=\"640\" height=\"480\" src=\"https:\/\/www.youtube.com\/embed\/ixRrsSWGozo?feature=oembed\" frameborder=\"0\" allow=\"accelerometer; autoplay; clipboard-write; encrypted-media; gyroscope; picture-in-picture; web-share\" referrerpolicy=\"strict-origin-when-cross-origin\" allowfullscreen><\/iframe><\/p>\n<p>Le court-m\u00e9trage esquisse le module d&rsquo;isolement dans la prison de Bruges, dans le contexte de la r\u00e9volte \u00e0 l&rsquo;int\u00e9rieur et \u00e0 l&rsquo;ext\u00e9rieur des prisons.<\/p>\n<p>contrelataule@riseup.net<\/p>\n<p>&nbsp;<\/p>\n","protected":false},"excerpt":{"rendered":"<p>En juin 2008, un module d&rsquo;isolement ouvrait dans la prison de Bruges, Belgique. C&rsquo;\u00e9tait la r\u00e9ponse de l&rsquo;\u00c9tat face aux multiples r\u00e9bellions, \u00e9vasions et \u00e9meutes qui avaient echauff\u00e9e bien des coeurs \u00e0 l&rsquo;int\u00e9rieur qu&rsquo;\u00e0 l&rsquo;ext\u00e9rieur de la prison. Le quartier &hellip; <a href=\"https:\/\/contrelenfermement.noblogs.org\/?p=122\">Continuer la lecture <span class=\"meta-nav\">&rarr;<\/span><\/a><\/p>\n","protected":false},"author":5244,"featured_media":0,"comment_status":"open","ping_status":"open","sticky":false,"template":"","format":"standard","meta":{"footnotes":""},"categories":[6,3],"tags":[97,102,42,98,99,101,100],"class_list":["post-122","post","type-post","status-publish","format-standard","hentry","category-comment-ils-nous-enferment","category-prisons","tag-belgique","tag-bruges","tag-etat","tag-qhs","tag-rebellion","tag-repression","tag-traitement"],"_links":{"self":[{"href":"https:\/\/contrelenfermement.noblogs.org\/index.php?rest_route=\/wp\/v2\/posts\/122","targetHints":{"allow":["GET"]}}],"collection":[{"href":"https:\/\/contrelenfermement.noblogs.org\/index.php?rest_route=\/wp\/v2\/posts"}],"about":[{"href":"https:\/\/contrelenfermement.noblogs.org\/index.php?rest_route=\/wp\/v2\/types\/post"}],"author":[{"embeddable":true,"href":"https:\/\/contrelenfermement.noblogs.org\/index.php?rest_route=\/wp\/v2\/users\/5244"}],"replies":[{"embeddable":true,"href":"https:\/\/contrelenfermement.noblogs.org\/index.php?rest_route=%2Fwp%2Fv2%2Fcomments&post=122"}],"version-history":[{"count":1,"href":"https:\/\/contrelenfermement.noblogs.org\/index.php?rest_route=\/wp\/v2\/posts\/122\/revisions"}],"predecessor-version":[{"id":124,"href":"https:\/\/contrelenfermement.noblogs.org\/index.php?rest_route=\/wp\/v2\/posts\/122\/revisions\/124"}],"wp:attachment":[{"href":"https:\/\/contrelenfermement.noblogs.org\/index.php?rest_route=%2Fwp%2Fv2%2Fmedia&parent=122"}],"wp:term":[{"taxonomy":"category","embeddable":true,"href":"https:\/\/contrelenfermement.noblogs.org\/index.php?rest_route=%2Fwp%2Fv2%2Fcategories&post=122"},{"taxonomy":"post_tag","embeddable":true,"href":"https:\/\/contrelenfermement.noblogs.org\/index.php?rest_route=%2Fwp%2Fv2%2Ftags&post=122"}],"curies":[{"name":"wp","href":"https:\/\/api.w.org\/{rel}","templated":true}]}}