{"id":1229,"date":"2013-06-06T10:24:14","date_gmt":"2013-06-06T09:24:14","guid":{"rendered":"http:\/\/contrelenfermement.noblogs.org\/?p=1229"},"modified":"2013-06-07T23:46:25","modified_gmt":"2013-06-07T22:46:25","slug":"manif-devant-la-prison-de-seysses-toulouse-samedi-8-juin","status":"publish","type":"post","link":"https:\/\/contrelenfermement.noblogs.org\/?p=1229","title":{"rendered":"T\u00e9moignages de prisonni\u00e8res \u00e0 la M.A de Seysses"},"content":{"rendered":"<p>Plusieurs prisonni\u00e8res du quartier femme de la maison d\u2019arr\u00eat de Seysses (\u00e0 proximit\u00e9 de Toulouse) ont adress\u00e9 des courriers aux \u00e9missions de radio anticarc\u00e9rales de Toulouse [1] pour d\u00e9noncer le \u00ab climat ex\u00e9crable \u00bb qui y r\u00e8gne, les brimades des matons et le silence de la direction.<\/p>\n<p>Certaines d\u2019entre elles ont \u00e9t\u00e9 jusqu\u2019\u00e0 la tentative de suicide pour se faire entendre de la direction, certaines sont en gr\u00e8ve de la faim au mitard, en vain.<\/p>\n<p>Vous pouvez\u00a0 \u00e9crire \u00e0 la direction de la prison : Maison d\u2019arr\u00eat de Seysses, \u00e0 l\u2019attention de la directrice, rue Dani\u00e8le Casanova BP 85 31 603 Muret Cedex<\/p>\n<p>Tel : 05 61 56 68 68 \u2026 ainsi qu\u2019au directeur interr\u00e9gional des services p\u00e9nitentiaires : Direction interr\u00e9gionale des services p\u00e9nitentiaires, \u00e0 l\u2019attention du directeur M.Georges Vin, Cit\u00e9 administrative B\u00e2t G 2, boulevard Armand-Duportal BP 81501, 31015 Toulouse Cedex 6 Tel : 05 62 30 58 09 \u2026 pour appuyer ces prisonni\u00e8res et bien signifier \u00e0 l\u2019administration p\u00e9nitentiaire qu\u2019elle ne peut pas agir en toute impunit\u00e9. L\u2019AP et ses agents doivent se savoir regard\u00e9s. N\u2019h\u00e9sitez pas \u00e0 \u00e9crire et\/o\u00f9 \u00e0 t\u00e9moigner votre solidarit\u00e9 de quelque mani\u00e8re que ce soit.<\/p>\n<p><strong>Voici les deux lettres \u00e9crites par des prisonni\u00e8res :\u00a0<\/strong><\/p>\n<p><strong><em>\u00ab Seysses, le 10 mai 2013, Incarc\u00e9r\u00e9e \u00e0 la prison de Seysses, quartier femmes, je souhaiterais alerter l\u2019opinion publique sur les conditions de d\u00e9tention qui nous sont inflig\u00e9es. Des exemples concrets de propos diffamatoires, m\u00e9prisants, condescendants tenus par les surveillantes sont l\u00e9gion. Nous avons alors tent\u00e9 de pr\u00e9venir la direction mais il semble que nos courriers n\u2019arrivent jamais dans le bureau, nos lettres \u00e9tant intercept\u00e9es par les surveillantes. A bout de nerfs, \u00e9puis\u00e9es par ces conditions de d\u00e9tention rythm\u00e9es par la r\u00e9pression, les brimades et les pressions, nous avons entrepris aujourd\u2019hui une action afin de tenter de faire bouger les choses. En effet, depuis 10 jours, il y a eu 5 tentatives de suicide au quartier femmes et aujourd\u2019hui, alors que nous avons voulu avoir un entretien avec la directrice, celui-ci nous a \u00e9t\u00e9 refus\u00e9. Apr\u00e8s maintes menaces de la part du personnel p\u00e9nitentiaire, trois d\u2019entre nous, pouss\u00e9es dans leur dernier retranchement ont aval\u00e9 des cachets, moi-m\u00eame je me suis auto-mutil\u00e9e. Ces gestes de d\u00e9sespoir ne traduisent que le climat ex\u00e9crable qui r\u00e8gne ici. Par ce courrier, nous souhaiterions d\u00e9noncer le harc\u00e8lement et les pressions psychologiques que nous subissons de fa\u00e7on r\u00e9p\u00e9t\u00e9e. Pourriez-vous S.V.P. lire notre courrier \u00e0 l\u2019antenne d\u2019une part et alerter les m\u00e9dias pour nous. Nous craignons que l\u2019une d\u2019entre nous ne se fasse plus de mal que de raison. Nous vous en remercions. D\u00e9tenues de Seysses, Quartier femmes. \u00bb <\/em><\/strong><\/p>\n<p><strong><em>\u00ab MAF de Seysses, le jeudi 30 mai 2013, Madame, Monsieur de la radio<\/em><\/strong><\/p>\n<p><strong><em>Je viens \u00e0 vous pour d\u00e9noncer les maltraitances que l\u2019on subit \u00e0 la MAF de Seysses, que ce soit en tant que spectatrice qu\u2019en tant que pers\u00e9cut\u00e9e. Tout d\u2019abord, il y a 4-5 jours, une d\u00e9tenue basque espagnole que les surveillantes provoquent tr\u00e8s souvent verbalement ! Donc notre coll\u00e8gue d\u00e9tenue Iti a demand\u00e9 gentiment aux surveillantes de ne pas la tutoyer, que le respect doit \u00eatre dans les deux sens, enfin voila le ton est mont\u00e9 et 1Iti a \u00e9t\u00e9 pass\u00e9e \u00e0 tabac, coups de pieds dans le ventre, etc. De l\u00e0 il l\u2019ont jet\u00e9e comme un chien au mitard (cellule disciplinaire). Il y fait tr\u00e8s froid dans cette cellule, elle a r\u00e9clam\u00e9 une couverture et ils ne lui ont pas donn\u00e9. Aussi, le lendemain Iti a \u00e9t\u00e9 vue par le m\u00e9decin \u00e0 qui elle a fait part qu\u2019elle \u00e9tait indispos\u00e9e et qu\u2019elle n\u2019a rien, ni serviette ni papier toilette. Le m\u00e9decin lui a donn\u00e9 de l\u2019essuie-tout, ne serait-ce que pour l\u2019hygi\u00e8ne, et en la remontant au mitard les surveillantes lui ont confisqu\u00e9 l\u2019essuie tout. Iti a fait part de son m\u00e9contentement et, h\u00e9las, les surveillantes l\u2019ont repass\u00e9e \u00e0 tabac. R\u00e9sultat ils lui ont mis 25 jours de mitard dans des conditions inhumaines, sans hygi\u00e8ne, elle a froid, et pour faire valoir ses droits la pauvre Iti fait la gr\u00e8ve de la faim avec une amie qui elle aussi fait une gr\u00e8ve de la faim. Et pour les d\u00e9tenues qui ont tout entendu ou qui ne sont tout simplement pas d\u2019accord avec leur fa\u00e7on tortionnaire, les d\u00e9tenues qui font un refus de plateau (de prendre le manger aux heures de repas), les surveillantes nous font comprendre qu\u2019on a pas int\u00e9r\u00eat, elle nous dissuadent en nous faisant comprendre qu\u2019il vaut mieux pas s\u2019en m\u00ealer. Madame, monsieur de la radio il faut faire quelque chose et vous aussi chers auditeurs, auditrices, aidez-nous \u00e0 ce que les choses changent. Les surveillantes se comportent pire que les d\u00e9tenues, elles nous mettent la pression, l\u2019humiliation, elles jouent avec nous. Par exemple, hier, une maman \u00e9tait venue voir sa fille, et parce que cette vieille dame sonnait au portique \u00e0 cause de son soutien-gorge &#8211; cette dame \u00e0 m\u00eame propos\u00e9 d\u2019enlever son soutien-gorge &#8211; malgr\u00e9 \u00e7a ils lui ont fait faire demi-tour et rentrer chez elle. Cette dame n\u2019a pas de voiture, elle prend le bus, et la prison est \u00e0 plus d\u20191h30 de la ville. Il y a aussi une jeune yougoslave qui a fait une fausse couche et qui n\u2019a pas eu les soins ad\u00e9quats, il y a aussi une d\u00e9tenue qui a \u00e9t\u00e9 fouill\u00e9e abusivement, elle l\u2019a ressenti comme un viol et cela trois fois dans une pi\u00e8ce diff\u00e9rente en interrompant son parloir. Je peux citer beaucoup d\u2019autres abus. Nous sommes des d\u00e9tenues, pas animaux ! Il faut sinc\u00e8rement que l\u2019on nous aide. Nous, on ne peut rien faire du fond de notre cellule. Voil\u00e0 pourquoi je vous demande de nous aider pour que nos conditions de d\u00e9tentions soient justes. Merci de m\u2019avoir \u00e9cout\u00e9, j\u2019esp\u00e8re que ma lettre va pouvoir nous aider gr\u00e2ce \u00e0 vous. Merci. \u00bb<\/em><\/strong><\/p>\n<p>&nbsp;<\/p>\n<p><strong><em>[1] Les collectifs L\u2019Envol\u00e9e, Bruits de t\u00f4le et YO-YO, animent une \u00e9mission de messages en direct les 1er et 3eme jeudis du mois de 19h \u00e0 20h. Et une \u00e9mission sur la prison tous les jeudis de 19h \u00e0 20h sur Radio Canal sud (92,2 FM) et sur internet www.canalsud.net. (prisons couvertes MA de Seysses, CD de Muret, MA de Montauban) <\/em><\/strong><\/p>\n<p><strong><em>Vous pouvez passer des messages au 0561533695. Vous pouvez \u00e9crire \u00e0 ces collectifs \u00e0 l\u2019adresse de la radio : 40 rue Alfred-Dum\u00e9ril, 31400 Toulouse. <\/em><\/strong><\/p>\n","protected":false},"excerpt":{"rendered":"<p>Plusieurs prisonni\u00e8res du quartier femme de la maison d\u2019arr\u00eat de Seysses (\u00e0 proximit\u00e9 de Toulouse) ont adress\u00e9 des courriers aux \u00e9missions de radio anticarc\u00e9rales de Toulouse [1] pour d\u00e9noncer le \u00ab climat ex\u00e9crable \u00bb qui y r\u00e8gne, les brimades des &hellip; <a href=\"https:\/\/contrelenfermement.noblogs.org\/?p=1229\">Continuer la lecture <span class=\"meta-nav\">&rarr;<\/span><\/a><\/p>\n","protected":false},"author":5244,"featured_media":0,"comment_status":"open","ping_status":"open","sticky":false,"template":"","format":"standard","meta":{"footnotes":""},"categories":[212],"tags":[1046,1048,1045,1043,1044,446,368,359,1047],"class_list":["post-1229","post","type-post","status-publish","format-standard","hentry","category-temoignages-prisons","tag-bruits-de-tole","tag-canal-sud","tag-envolee","tag-mautauban","tag-muret","tag-rassemblement","tag-seysses","tag-toulouse","tag-yo-yo"],"_links":{"self":[{"href":"https:\/\/contrelenfermement.noblogs.org\/index.php?rest_route=\/wp\/v2\/posts\/1229","targetHints":{"allow":["GET"]}}],"collection":[{"href":"https:\/\/contrelenfermement.noblogs.org\/index.php?rest_route=\/wp\/v2\/posts"}],"about":[{"href":"https:\/\/contrelenfermement.noblogs.org\/index.php?rest_route=\/wp\/v2\/types\/post"}],"author":[{"embeddable":true,"href":"https:\/\/contrelenfermement.noblogs.org\/index.php?rest_route=\/wp\/v2\/users\/5244"}],"replies":[{"embeddable":true,"href":"https:\/\/contrelenfermement.noblogs.org\/index.php?rest_route=%2Fwp%2Fv2%2Fcomments&post=1229"}],"version-history":[{"count":3,"href":"https:\/\/contrelenfermement.noblogs.org\/index.php?rest_route=\/wp\/v2\/posts\/1229\/revisions"}],"predecessor-version":[{"id":1231,"href":"https:\/\/contrelenfermement.noblogs.org\/index.php?rest_route=\/wp\/v2\/posts\/1229\/revisions\/1231"}],"wp:attachment":[{"href":"https:\/\/contrelenfermement.noblogs.org\/index.php?rest_route=%2Fwp%2Fv2%2Fmedia&parent=1229"}],"wp:term":[{"taxonomy":"category","embeddable":true,"href":"https:\/\/contrelenfermement.noblogs.org\/index.php?rest_route=%2Fwp%2Fv2%2Fcategories&post=1229"},{"taxonomy":"post_tag","embeddable":true,"href":"https:\/\/contrelenfermement.noblogs.org\/index.php?rest_route=%2Fwp%2Fv2%2Ftags&post=1229"}],"curies":[{"name":"wp","href":"https:\/\/api.w.org\/{rel}","templated":true}]}}