{"id":1255,"date":"2013-06-14T00:42:16","date_gmt":"2013-06-13T23:42:16","guid":{"rendered":"http:\/\/contrelenfermement.noblogs.org\/?p=1255"},"modified":"2013-06-14T00:42:35","modified_gmt":"2013-06-13T23:42:35","slug":"nouveau-temoignage-concernant-les-conditions-de-detention-a-seysses","status":"publish","type":"post","link":"https:\/\/contrelenfermement.noblogs.org\/?p=1255","title":{"rendered":"Nouveau t\u00e9moignage concernant les conditions de d\u00e9tention \u00e0 Seysses"},"content":{"rendered":"<p><strong>\u00a0\u00ab Les surveillantes exercent leur toute puissance sur les d\u00e9tenu-es de mani\u00e8re arbitraire et font preuve de sadisme, et b\u00e9n\u00e9ficient de la complicit\u00e9 de la direction qui les couvre \u00bb<\/strong><\/p>\n<p>Bonjour Canal Sud,<\/p>\n<div>\n<p><em>je vous \u00e9cris pour apporter mon t\u00e9moignage <a href=\"https:\/\/juralib.noblogs.org\/2013\/06\/06\/manif-devant-la-prison-de-seysses-toulouse-samedi-8-juin\/\" target=\"_blank\">au sujet des mauvais traitements d\u00e9nonc\u00e9s \u00e0 la M.A.F. de Seysses<\/a>. J\u2019ai \u00e9t\u00e9 incarc\u00e9r\u00e9e pendant quelques mois dans cette prison il y a peu de temps et je ne peux que confirmer ce que disent les d\u00e9tenues dans leurs courriers.<\/em><\/p>\n<p>Durant cette p\u00e9riode d\u2019enfermement j\u2019ai assist\u00e9 et\/ou v\u00e9cu plusieurs sc\u00e8nes dont je vous fais une liste, non exhaustive, ci-dessous :<\/p>\n<p>\u2022 R\u00e9guli\u00e8rement et pour des raisons injustifi\u00e9es les parloirs sont annul\u00e9es alors que les familles sont l\u00e0 et \u00e0 l\u2019heure.<\/p>\n<p>\u2022 Les surveillantes lisent tout les courriers avant de les distribuer et divulguent volontairement leurs contenus \u00e0 qui veut bien les entendre.<\/p>\n<p>\u2022 Une d\u00e9tenue malade a \u00e9t\u00e9 priv\u00e9e de nourriture parce que les surveillantes exigeaient qu\u2019elle se l\u00e8ve elle-m\u00eame pour prendre le plateau repas que sa cod\u00e9tenue \u00e9tait pr\u00eate \u00e0 lui r\u00e9cup\u00e9rer pour l\u2019aider.<\/p>\n<p>\u2022 Les infirmier-es et m\u00e9decins ne respectent pas le secret m\u00e9dical et divulguent des informations non n\u00e9cessaires aux surveillantes.<\/p>\n<p>\u2022 Une d\u00e9tenue a attendu pr\u00e8s d\u2019un mois avant de pouvoir subir l\u2019intervention dont elle avait besoin, elle a faillit faire une septic\u00e9mie tellement la prison a mis de temps \u00e0 l\u2019envoyer \u00e0 l\u2019h\u00f4pital.<\/p>\n<p>\u2022 Alors que les femmes blanches et parlant fran\u00e7ais sont appel\u00e9es par leur nom, les autres sont bien souvent d\u00e9sign\u00e9es par leur nationalit\u00e9 ou r\u00e9gion d\u2019origine.<\/p>\n<p>\u2022 Il n\u2019y a aucun moyen de traduction mis en place par l\u2019A.P, qui ainsi exclut la possibilit\u00e9 aux non francophones d\u2019acc\u00e9der aux m\u00eame droits que les autres.<\/p>\n<p>\u2022 Apr\u00e8s chaque parloir les surveillantes effectuent une fouille totale \u00e0 nu automatiquement sur chacune des d\u00e9tenues alors que cela n\u2019est pas obligatoire. la fouille se fait dans un recoin mais tout le monde peut voir. C\u2019est une pratique non n\u00e9cessaire et rabaissante.<\/p>\n<p>\u2022 Certaines d\u00e9tenues attendent plus d\u2019un mois pour recevoir les repas adapt\u00e9s \u00e0 leur r\u00e9gime alimentaire.<\/p>\n<p>\u2022 Les surveillantes, soit parce qu\u2019elles ont la flemme de faire leur travail, soit simplement par vengeance, pratiquent la technique de l\u2019oubli, c\u2019est \u00e0 dire qu\u2019elle laissent les d\u00e9tenues dans la salle d\u2019attente parfois pendant des heures (o\u00f9 il n\u2019y a rien, ni toilette, ni eau, ni occupation)<\/p>\n<p>\u2026\u00a0et j\u2019en passe\u2026<\/p>\n<p>Ce peut para\u00eetre des d\u00e9tails mais lorsqu\u2019on est priv\u00e9e de libert\u00e9 les proportions ne sont pas les m\u00eames. Ce qui est certain c\u2019est que les surveillantes exercent leur toute puissance sur les d\u00e9tenu-es de mani\u00e8re arbitraire et font preuve de sadisme, et qu\u2019elles b\u00e9n\u00e9ficient de la complicit\u00e9 de la direction qui les couvre. Je ne suis donc pas surprise que les probl\u00e8mes \u00e0 la M.A.F soient ni\u00e9s en bloc par l\u2019A.P, qui en plus en profite l\u00e2chement pour pleurnicher sur ses conditions de travail. Si je vous \u00e9cris aujourd\u2019hui c\u2019est pour soutenir ces d\u00e9tenues et dans l\u2019espoir que les m\u00e9dia arr\u00eatent de mettre en doute leurs propos.<\/p>\n<p>Vous comprendrez que je ne signe pas de mon nom.<\/p>\n<p>Transmis par le <a href=\"mailto:caj31@riseup.net\" target=\"_blank\">Comit\u00e9 d\u2019Autod\u00e9fense Juridique<\/a><\/p>\n<p>&nbsp;<\/p>\n<address>Source : http:\/\/juralib.noblogs.org\/2013\/06\/12\/nouveau-temoignage-concernant-les-conditions-de-detention-a-seysses-les-surveillantes-exercent-leur-toute-puissance-sur-les-detenu-es-de-maniere-arbitraire-et-font-preuve-de-sadisme-et-benef\/<\/address>\n<\/div>\n","protected":false},"excerpt":{"rendered":"<p>\u00a0\u00ab Les surveillantes exercent leur toute puissance sur les d\u00e9tenu-es de mani\u00e8re arbitraire et font preuve de sadisme, et b\u00e9n\u00e9ficient de la complicit\u00e9 de la direction qui les couvre \u00bb Bonjour Canal Sud, je vous \u00e9cris pour apporter mon t\u00e9moignage &hellip; <a href=\"https:\/\/contrelenfermement.noblogs.org\/?p=1255\">Continuer la lecture <span class=\"meta-nav\">&rarr;<\/span><\/a><\/p>\n","protected":false},"author":5244,"featured_media":0,"comment_status":"open","ping_status":"open","sticky":false,"template":"","format":"standard","meta":{"footnotes":""},"categories":[6],"tags":[],"class_list":["post-1255","post","type-post","status-publish","format-standard","hentry","category-comment-ils-nous-enferment"],"_links":{"self":[{"href":"https:\/\/contrelenfermement.noblogs.org\/index.php?rest_route=\/wp\/v2\/posts\/1255","targetHints":{"allow":["GET"]}}],"collection":[{"href":"https:\/\/contrelenfermement.noblogs.org\/index.php?rest_route=\/wp\/v2\/posts"}],"about":[{"href":"https:\/\/contrelenfermement.noblogs.org\/index.php?rest_route=\/wp\/v2\/types\/post"}],"author":[{"embeddable":true,"href":"https:\/\/contrelenfermement.noblogs.org\/index.php?rest_route=\/wp\/v2\/users\/5244"}],"replies":[{"embeddable":true,"href":"https:\/\/contrelenfermement.noblogs.org\/index.php?rest_route=%2Fwp%2Fv2%2Fcomments&post=1255"}],"version-history":[{"count":2,"href":"https:\/\/contrelenfermement.noblogs.org\/index.php?rest_route=\/wp\/v2\/posts\/1255\/revisions"}],"predecessor-version":[{"id":1257,"href":"https:\/\/contrelenfermement.noblogs.org\/index.php?rest_route=\/wp\/v2\/posts\/1255\/revisions\/1257"}],"wp:attachment":[{"href":"https:\/\/contrelenfermement.noblogs.org\/index.php?rest_route=%2Fwp%2Fv2%2Fmedia&parent=1255"}],"wp:term":[{"taxonomy":"category","embeddable":true,"href":"https:\/\/contrelenfermement.noblogs.org\/index.php?rest_route=%2Fwp%2Fv2%2Fcategories&post=1255"},{"taxonomy":"post_tag","embeddable":true,"href":"https:\/\/contrelenfermement.noblogs.org\/index.php?rest_route=%2Fwp%2Fv2%2Ftags&post=1255"}],"curies":[{"name":"wp","href":"https:\/\/api.w.org\/{rel}","templated":true}]}}