{"id":1266,"date":"2013-06-16T12:59:54","date_gmt":"2013-06-16T11:59:54","guid":{"rendered":"http:\/\/contrelenfermement.noblogs.org\/?p=1266"},"modified":"2013-06-18T23:30:56","modified_gmt":"2013-06-18T22:30:56","slug":"prison-67-977-detenus-au-1er-juin-un-nouveau-record","status":"publish","type":"post","link":"https:\/\/contrelenfermement.noblogs.org\/?p=1266","title":{"rendered":"Prison. 67 977 d\u00e9tenus au 1er juin, un nouveau record"},"content":{"rendered":"<p>&nbsp;<\/p>\n<div>\n<div>\n<div>\n<ul>\n<li>\n<div><img decoding=\"async\" alt=\"67 977 d\u00e9tenus sont incarc\u00e9r\u00e9s dans les prisons de France au 1er juin, un record.\" src=\"http:\/\/www.ouest-france.fr\/photos\/2013\/06\/17\/130617204957342_71_000_apx_470_.jpg\" \/><\/div>\n<\/li>\n<\/ul>\n<p>&nbsp;<\/p>\n<p><em><\/em><b><i>Il y avait 67\u00a0977 d\u00e9tenus dans les prisons fran\u00e7aises au 1er\u00a0juin, un nouveau record apr\u00e8s celui de mai, selon des chiffres publi\u00e9s lundi par la direction de l\u2019Administration p\u00e9nitentiaire.<\/i><\/b><\/p>\n<\/div>\n<\/div>\n<\/div>\n<div>\n<p>La <b>\u00ab\u00a0capacit\u00e9 op\u00e9rationnelle\u00a0\u00bb<\/b> des \u00e9tablissements, c\u2019est-\u00e0-dire leur capacit\u00e9 d\u2019accueil, ayant progress\u00e9 quasiment dans les m\u00eames proportions que le nombre de d\u00e9tenus (57\u00a0325 places), le taux d\u2019occupation est rest\u00e9 inchang\u00e9, \u00e0 118,5\u00a0%.<\/p>\n<p>Protestation contre la surpopulation carc\u00e9rale<\/p>\n<p>Si le nombre de personnes condamn\u00e9es s\u2019est stabilis\u00e9 (-0,1\u00a0%), celui du nombre de pr\u00e9venus (en attente de jugement), a progress\u00e9 de 1,2\u00a0%. Il n\u2019y a jamais eu autant de personnes en d\u00e9tention provisoire en France.<\/p>\n<p>Le premier syndicat p\u00e9nitentiaire, l\u2019Ufap-Unsa Justice, appelle au blocage de tous les \u00e9tablissements p\u00e9nitentiaires mardi, notamment afin de protester contre la surpopulation carc\u00e9rale. Jeudi, quelque 180 surveillants du centre p\u00e9nitentiaire de Fresnes (Val-de-Marne) s\u2019\u00e9taient rassembl\u00e9s devant l\u2019\u00e9tablissement pour d\u00e9noncer la violence grandissante des d\u00e9tenus \u00e0 leur \u00e9gard.<\/p>\n<p>&nbsp;<\/p>\n<address>Source : http:\/\/www.ouest-france.fr\/actu\/actuDet_-Prison.-67-977-detenus-au-1er-juin-un-nouveau-record_55257-2203518_actu.Htm<\/address>\n<address><em>Photo: David Ademas \/ Ouest-France<\/em><\/address>\n<\/div>\n","protected":false},"excerpt":{"rendered":"<p>&nbsp; &nbsp; Il y avait 67\u00a0977 d\u00e9tenus dans les prisons fran\u00e7aises au 1er\u00a0juin, un nouveau record apr\u00e8s celui de mai, selon des chiffres publi\u00e9s lundi par la direction de l\u2019Administration p\u00e9nitentiaire. La \u00ab\u00a0capacit\u00e9 op\u00e9rationnelle\u00a0\u00bb des \u00e9tablissements, c\u2019est-\u00e0-dire leur capacit\u00e9 d\u2019accueil, &hellip; <a href=\"https:\/\/contrelenfermement.noblogs.org\/?p=1266\">Continuer la lecture <span class=\"meta-nav\">&rarr;<\/span><\/a><\/p>\n","protected":false},"author":5244,"featured_media":0,"comment_status":"open","ping_status":"open","sticky":false,"template":"","format":"standard","meta":{"footnotes":""},"categories":[68],"tags":[],"class_list":["post-1266","post","type-post","status-publish","format-standard","hentry","category-actualites-informations"],"_links":{"self":[{"href":"https:\/\/contrelenfermement.noblogs.org\/index.php?rest_route=\/wp\/v2\/posts\/1266","targetHints":{"allow":["GET"]}}],"collection":[{"href":"https:\/\/contrelenfermement.noblogs.org\/index.php?rest_route=\/wp\/v2\/posts"}],"about":[{"href":"https:\/\/contrelenfermement.noblogs.org\/index.php?rest_route=\/wp\/v2\/types\/post"}],"author":[{"embeddable":true,"href":"https:\/\/contrelenfermement.noblogs.org\/index.php?rest_route=\/wp\/v2\/users\/5244"}],"replies":[{"embeddable":true,"href":"https:\/\/contrelenfermement.noblogs.org\/index.php?rest_route=%2Fwp%2Fv2%2Fcomments&post=1266"}],"version-history":[{"count":2,"href":"https:\/\/contrelenfermement.noblogs.org\/index.php?rest_route=\/wp\/v2\/posts\/1266\/revisions"}],"predecessor-version":[{"id":1268,"href":"https:\/\/contrelenfermement.noblogs.org\/index.php?rest_route=\/wp\/v2\/posts\/1266\/revisions\/1268"}],"wp:attachment":[{"href":"https:\/\/contrelenfermement.noblogs.org\/index.php?rest_route=%2Fwp%2Fv2%2Fmedia&parent=1266"}],"wp:term":[{"taxonomy":"category","embeddable":true,"href":"https:\/\/contrelenfermement.noblogs.org\/index.php?rest_route=%2Fwp%2Fv2%2Fcategories&post=1266"},{"taxonomy":"post_tag","embeddable":true,"href":"https:\/\/contrelenfermement.noblogs.org\/index.php?rest_route=%2Fwp%2Fv2%2Ftags&post=1266"}],"curies":[{"name":"wp","href":"https:\/\/api.w.org\/{rel}","templated":true}]}}