{"id":1335,"date":"2013-07-17T01:43:55","date_gmt":"2013-07-17T00:43:55","guid":{"rendered":"http:\/\/contrelenfermement.noblogs.org\/?p=1335"},"modified":"2013-07-17T01:43:55","modified_gmt":"2013-07-17T00:43:55","slug":"la-prison-de-la-sante-va-fermer-cinq-ans","status":"publish","type":"post","link":"https:\/\/contrelenfermement.noblogs.org\/?p=1335","title":{"rendered":"La prison de La Sant\u00e9 va fermer cinq ans"},"content":{"rendered":"<p>Christiane Taubira a confirm\u00e9 la construction-r\u00e9novation de la maison d&rsquo;arr\u00eat de Paris-La Sant\u00e9, qui est l&rsquo;un des trois grands projets de r\u00e9novation. Les travaux devraient durer trois ans et en attendant, \u00ab\u00a0les personnes d\u00e9tenues seront transf\u00e9r\u00e9es vers des \u00e9tablissements des environs\u00a0\u00bb, peut-on lire dans le communiqu\u00e9 de l\u2019administration judiciaire, qui explique que \u00ab\u00a0cette r\u00e9novation a pour objectif de faire de la maison d&rsquo;arr\u00eat de La Sant\u00e9 un \u00e9tablissement \u00e0 r\u00e9insertion active, d&rsquo;am\u00e9liorer les conditions de d\u00e9tention et de travail, les activit\u00e9s en d\u00e9tention et le maintien des liens familiaux.\u00a0\u00bb Pendant la dur\u00e9e des travaux, le centre de semi-libert\u00e9 (100 places) sera maintenu en fonctionnement.<\/p>\n<p>&nbsp;<\/p>\n<address>Source : http:\/\/www.europe1.fr\/France\/La-prison-de-La-Sante-va-fermer-cinq-ans-1585727\/<\/address>\n","protected":false},"excerpt":{"rendered":"<p>Christiane Taubira a confirm\u00e9 la construction-r\u00e9novation de la maison d&rsquo;arr\u00eat de Paris-La Sant\u00e9, qui est l&rsquo;un des trois grands projets de r\u00e9novation. Les travaux devraient durer trois ans et en attendant, \u00ab\u00a0les personnes d\u00e9tenues seront transf\u00e9r\u00e9es vers des \u00e9tablissements des &hellip; <a href=\"https:\/\/contrelenfermement.noblogs.org\/?p=1335\">Continuer la lecture <span class=\"meta-nav\">&rarr;<\/span><\/a><\/p>\n","protected":false},"author":5244,"featured_media":0,"comment_status":"open","ping_status":"open","sticky":false,"template":"","format":"standard","meta":{"footnotes":""},"categories":[68],"tags":[],"class_list":["post-1335","post","type-post","status-publish","format-standard","hentry","category-actualites-informations"],"_links":{"self":[{"href":"https:\/\/contrelenfermement.noblogs.org\/index.php?rest_route=\/wp\/v2\/posts\/1335","targetHints":{"allow":["GET"]}}],"collection":[{"href":"https:\/\/contrelenfermement.noblogs.org\/index.php?rest_route=\/wp\/v2\/posts"}],"about":[{"href":"https:\/\/contrelenfermement.noblogs.org\/index.php?rest_route=\/wp\/v2\/types\/post"}],"author":[{"embeddable":true,"href":"https:\/\/contrelenfermement.noblogs.org\/index.php?rest_route=\/wp\/v2\/users\/5244"}],"replies":[{"embeddable":true,"href":"https:\/\/contrelenfermement.noblogs.org\/index.php?rest_route=%2Fwp%2Fv2%2Fcomments&post=1335"}],"version-history":[{"count":1,"href":"https:\/\/contrelenfermement.noblogs.org\/index.php?rest_route=\/wp\/v2\/posts\/1335\/revisions"}],"predecessor-version":[{"id":1336,"href":"https:\/\/contrelenfermement.noblogs.org\/index.php?rest_route=\/wp\/v2\/posts\/1335\/revisions\/1336"}],"wp:attachment":[{"href":"https:\/\/contrelenfermement.noblogs.org\/index.php?rest_route=%2Fwp%2Fv2%2Fmedia&parent=1335"}],"wp:term":[{"taxonomy":"category","embeddable":true,"href":"https:\/\/contrelenfermement.noblogs.org\/index.php?rest_route=%2Fwp%2Fv2%2Fcategories&post=1335"},{"taxonomy":"post_tag","embeddable":true,"href":"https:\/\/contrelenfermement.noblogs.org\/index.php?rest_route=%2Fwp%2Fv2%2Ftags&post=1335"}],"curies":[{"name":"wp","href":"https:\/\/api.w.org\/{rel}","templated":true}]}}