{"id":1350,"date":"2013-07-21T10:47:43","date_gmt":"2013-07-21T09:47:43","guid":{"rendered":"http:\/\/contrelenfermement.noblogs.org\/?p=1350"},"modified":"2013-07-22T13:37:14","modified_gmt":"2013-07-22T12:37:14","slug":"un-fugitif-de-sequedin-prend-des-vacances-avant-de-regagner-la-prison-selon-son-frere","status":"publish","type":"post","link":"https:\/\/contrelenfermement.noblogs.org\/?p=1350","title":{"rendered":"Un fugitif de Sequedin prend des \u00ab\u00a0vacances\u00a0\u00bb avant de regagner la prison, selon son fr\u00e8re"},"content":{"rendered":"<article>\n<div><\/div>\n<div id=\"articleBody\">\n<figure><img loading=\"lazy\" decoding=\"async\" title=\"La prison de Sequedin, en avril. | AFP\/PHILIPPE HUGUEN\" alt=\"La prison de Sequedin, en avril. \" src=\"http:\/\/s1.lemde.fr\/image\/2013\/07\/16\/534x267\/3448615_3_a06f_la-prison-de-sequedin-en-avril_500bc7c6f25f17dd2fec3997ca7ea9f4.jpg\" width=\"534\" height=\"267\" \/><\/figure>\n<p>Arr\u00eat\u00e9 mardi alors qu&rsquo;il \u00e9tait en fuite de la prison de Sequedin (Nord), Mohamed E. est parvenu \u00e0<a href=\"http:\/\/www.lemonde.fr\/societe\/article\/2013\/07\/16\/nouvelle-evasion-mais-moins-explosive-a-la-prison-de-sequedin_3448614_3224.html\"> \u00e9chapper aux policiers le ramenant en d\u00e9tention.<\/a> Dans une surprenante interview publi\u00e9e <a href=\"http:\/\/www.lavoixdunord.fr\/france-monde\/sequedin-l-evade-prend-des-vacances-selon-son-frere-ia0b0n1422348\" target=\"_blank\">jeudi 18 juillet dans le quotidien r\u00e9gional <\/a><a href=\"http:\/\/www.lavoixdunord.fr\/france-monde\/sequedin-l-evade-prend-des-vacances-selon-son-frere-ia0b0n1422348\" target=\"_blank\"><em>La Voix du Nord<\/em><\/a>, son fr\u00e8re explique que ce dernier a d\u00e9cid\u00e9 de <a href=\"http:\/\/conjugaison.lemonde.fr\/conjugaison\/troisieme-groupe\/prendre\" target=\"_blank\">prendre<\/a> des <em>\u00ab\u00a0vacances\u00a0\u00bb<\/em> mais qu&rsquo;il regagnera sa cellule <em>\u00ab\u00a0\u00e0 la rentr\u00e9e\u00a0\u00bb.<\/em><\/p>\n<p><em>\u00ab\u00a0On s&rsquo;est vus <\/em>[mercredi midi]<em>, on s&rsquo;est promen\u00e9s au soleil, en plein <a href=\"http:\/\/www.lemonde.fr\/centre\/\">centre<\/a>-ville de Lille. On n&rsquo;a pas mang\u00e9, comme c&rsquo;est le ramadan<\/em>, a expliqu\u00e9 A\u00efssa, \u00e0 qui le journal demandait s&rsquo;il avait des nouvelles de Mohamed, en cavale.<em> Il m&rsquo;a dit <\/em>&lsquo;Je fais mes vacances, je rentre en prison \u00e0 la rentr\u00e9e<em>.'\u00a0\u00bb<\/em> Quant au risque qu&rsquo;une fois repris Mohamed voie sa peine de prison rallong\u00e9e, A\u00efssa d\u00e9clare : <em>\u00ab\u00a0J&rsquo;aurais fait la m\u00eame chose, c&rsquo;est tentant. A Sequedin, il dort par terre, dans sa cellule, avec deux Irakiens qui ne parlent m\u00eame pas fran\u00e7ais.\u00a0\u00bb<\/em><\/p>\n<p><strong>\u00ab\u00a0IL EST PARTI EN COURANT\u00a0\u00bb<\/strong><\/p>\n<p>Assurant que son fr\u00e8re, un trafiquant de cannabis, <em>\u00ab\u00a0n&rsquo;est pas potentiellement dangereux\u00a0\u00bb<\/em> \u2013 <em>\u00ab\u00a0il fait 66 kg, il est tout petit\u00a0\u00bb\u00a0\u2013,<\/em> A\u00efssa a racont\u00e9 les d\u00e9tails de l&rsquo;\u00e9vasion, que lui a confi\u00e9s Mohamed\u00a0: <em>\u00ab\u00a0Mardi soir, il \u00e9tait assis \u00e0 l&rsquo;arri\u00e8re de la voiture. La porti\u00e8re de son c\u00f4t\u00e9 \u00e9tait verrouill\u00e9e, mais le policier qui \u00e9tait \u00e0 c\u00f4t\u00e9 de lui est sorti. Il a ouvert sa porte, et il est parti en courant. Mohamed, il fume, mais il est athl\u00e9tique : il a fait deux marathons !\u00a0\u00bb<\/em><\/p>\n<p><em>(&#8230; )<br \/>\n<\/em><\/p>\n<p>&nbsp;<\/p>\n<address><em>Source : Le Monde.fr avec AFP | 18.07.2013<\/em><\/address>\n<\/div>\n<\/article>\n","protected":false},"excerpt":{"rendered":"<p>Arr\u00eat\u00e9 mardi alors qu&rsquo;il \u00e9tait en fuite de la prison de Sequedin (Nord), Mohamed E. est parvenu \u00e0 \u00e9chapper aux policiers le ramenant en d\u00e9tention. Dans une surprenante interview publi\u00e9e jeudi 18 juillet dans le quotidien r\u00e9gional La Voix du &hellip; <a href=\"https:\/\/contrelenfermement.noblogs.org\/?p=1350\">Continuer la lecture <span class=\"meta-nav\">&rarr;<\/span><\/a><\/p>\n","protected":false},"author":5244,"featured_media":0,"comment_status":"open","ping_status":"open","sticky":false,"template":"","format":"standard","meta":{"footnotes":""},"categories":[1149],"tags":[1166],"class_list":["post-1350","post","type-post","status-publish","format-standard","hentry","category-evasions","tag-sequedin"],"_links":{"self":[{"href":"https:\/\/contrelenfermement.noblogs.org\/index.php?rest_route=\/wp\/v2\/posts\/1350","targetHints":{"allow":["GET"]}}],"collection":[{"href":"https:\/\/contrelenfermement.noblogs.org\/index.php?rest_route=\/wp\/v2\/posts"}],"about":[{"href":"https:\/\/contrelenfermement.noblogs.org\/index.php?rest_route=\/wp\/v2\/types\/post"}],"author":[{"embeddable":true,"href":"https:\/\/contrelenfermement.noblogs.org\/index.php?rest_route=\/wp\/v2\/users\/5244"}],"replies":[{"embeddable":true,"href":"https:\/\/contrelenfermement.noblogs.org\/index.php?rest_route=%2Fwp%2Fv2%2Fcomments&post=1350"}],"version-history":[{"count":3,"href":"https:\/\/contrelenfermement.noblogs.org\/index.php?rest_route=\/wp\/v2\/posts\/1350\/revisions"}],"predecessor-version":[{"id":1352,"href":"https:\/\/contrelenfermement.noblogs.org\/index.php?rest_route=\/wp\/v2\/posts\/1350\/revisions\/1352"}],"wp:attachment":[{"href":"https:\/\/contrelenfermement.noblogs.org\/index.php?rest_route=%2Fwp%2Fv2%2Fmedia&parent=1350"}],"wp:term":[{"taxonomy":"category","embeddable":true,"href":"https:\/\/contrelenfermement.noblogs.org\/index.php?rest_route=%2Fwp%2Fv2%2Fcategories&post=1350"},{"taxonomy":"post_tag","embeddable":true,"href":"https:\/\/contrelenfermement.noblogs.org\/index.php?rest_route=%2Fwp%2Fv2%2Ftags&post=1350"}],"curies":[{"name":"wp","href":"https:\/\/api.w.org\/{rel}","templated":true}]}}