{"id":1353,"date":"2013-07-22T11:35:43","date_gmt":"2013-07-22T10:35:43","guid":{"rendered":"http:\/\/contrelenfermement.noblogs.org\/?p=1353"},"modified":"2013-07-22T11:35:43","modified_gmt":"2013-07-22T10:35:43","slug":"denormes-pressions-sont-exercees-sur-8-prisonniers-en-greve-de-la-faim-dans-la-clinique-de-la-prison-de-ramleh","status":"publish","type":"post","link":"https:\/\/contrelenfermement.noblogs.org\/?p=1353","title":{"rendered":"D&rsquo;\u00e9normes pressions sont exerc\u00e9es sur 8 prisonniers en gr\u00e8ve de la faim dans la \u00ab\u00a0clinique de la prison de Ramleh\u00a0\u00bb."},"content":{"rendered":"<p><i>Ramallah ( palestine\/ territoire occup\u00e9 le 21\/07\/2013<\/i> )<\/p>\n<p>Selon le \u00ab\u00a0Club des prisonniers\u00a0\u00bb, 8 prisonniers en gr\u00e8ve de la faimsont d\u00e9tenus dans la \u00a0\u00bb clinique de la prison de Ramleh \u00a0\u00bb dans desconditions tr\u00e8s difficiles, ils subissent d\u2019\u00e9normes pressions. Parmi eux troisjordaniens malades sont d\u00e9tenus depuis une semaine dans la section psychiatrique.Le prisonnier Munir Mar\u2019i, a expliqu\u00e9 \u00e0 l&rsquo;avocat \u00ab\u00a0du club desprisonniers\u00a0\u00bb qui lui a rendu visite que le but de les maintenir en psychiatrieest de faire pression sur eux pour qu\u2019ils mettent fin \u00e0 leur gr\u00e8ve de la faim,mais cela ne fait qu\u2019accroitre leur volont\u00e9 de r\u00e9sister avec d\u00e9termination. A longueurde journ\u00e9e et de nuit ils n&rsquo;entendent que des cris, l\u2019eau est restreinte et neleur est donn\u00e9e par l&rsquo;administration p\u00e9nitentiaire, que plus d&rsquo;une heure apr\u00e8s.Dans leur cellule il n\u2019y a aucune intimit\u00e9, les toilettes sont ouvertes et sansporte. Le prisonnier Mar\u2019i \u00a0indique\u00a0 que l\u2019administrationp\u00e9nitentiaire les a inform\u00e9s qu\u2019elle n\u2019accorde aucun int\u00e9r\u00eat \u00e0 la question desprisonniers jordaniens et ne pense m\u00eame pas les lib\u00e9rer.<\/p>\n<p>&nbsp;<\/p>\n<p>Il souligne en ajoutant \u00a0que la situation du prisonnier Mohammad Rimawi est la plusdifficile parmi les gr\u00e9vistes, il vomit du liquide en permanence et souffre dedouleurs \u00e0 l&rsquo;estomac et dans toutes les parties de son corps, en disant \u00a0\u00bb <i>Noussommes parfois oblig\u00e9s de crier pendant longtemps avant qu\u2019ils nous fournissentde l\u2019eau ou de faire venir un m\u00e9decin pour \u00a0le prisonnier Rimawi\u00a0\u00bb.<br \/>\n<\/i><br \/>\nL&rsquo;avocat du \u00ab\u00a0club des prisonniers\u00a0\u00bb a \u00e9galement visit\u00e9\u00a0 le prisonnier Jordanien Hamza Al-Dabbas,en gr\u00e8ve de la faim qui est maintenu dans une cellule d\u2019isolement dans la\u00a0\u00bb Clinique de la prison de Ramleh \u00ab\u00a0, il confirme qu\u2019en d\u00e9pit de lapression exerc\u00e9e et la \u00a0n\u00e9gligence pr\u00e9m\u00e9dit\u00e9eenvers leur cause,\u00a0 ils continueront \u00e0 se battre \u00a0jusqu&rsquo;\u00e0 l\u2019obtention de leurs demandes.<\/p>\n<p>Sans oublier le prisonnier Adel \u00a0Haribat, en gr\u00e8ve de la faim depuis le 23 mai dernier pourprotester contre sa d\u00e9tention administrative, il souffre de nombreuses maladiesmais depuis sa gr\u00e8ve il ne prend aucun m\u00e9dicament et il refuse d\u2019\u00eatre auscult\u00e9.Ayman \u00a0Atbish, en gr\u00e8ve de la faimpour protester contre sa d\u00e9tention administrative aussi, il a commenc\u00e9 \u00e0souffrir d\u2019un ralentissementdu rythme cardiaque et de la baisse de sels min\u00e9rauxdans le corps. Hossam Matar de J\u00e9rusalem, en gr\u00e8ve de la faim pour exiger salib\u00e9ration, ainsi que Mohammad Atbish, en gr\u00e8ve de la faim en solidarit\u00e9 avecson fr\u00e8re Ayman.<\/p>\n<p>&nbsp;<\/p>\n<address><em><strong><span style=\"text-decoration: underline\">Traduction\u00a0: Moncef Chahed<\/span><\/strong><\/em><\/address>\n<address><em><strong>Source :\u00a0Club des prisonnierspalestiniens<\/strong><\/em><\/address>\n<address><em><strong><a href=\"http:\/\/www.ppsmo.ps\/portal\/\" target=\"_blank\" rel=\"nofollow\">http:\/\/www.ppsmo.ps\/portal\/<\/a><\/strong><\/em><\/address>\n","protected":false},"excerpt":{"rendered":"<p>Ramallah ( palestine\/ territoire occup\u00e9 le 21\/07\/2013 ) Selon le \u00ab\u00a0Club des prisonniers\u00a0\u00bb, 8 prisonniers en gr\u00e8ve de la faimsont d\u00e9tenus dans la \u00a0\u00bb clinique de la prison de Ramleh \u00a0\u00bb dans desconditions tr\u00e8s difficiles, ils subissent d\u2019\u00e9normes pressions. Parmi &hellip; <a href=\"https:\/\/contrelenfermement.noblogs.org\/?p=1353\">Continuer la lecture <span class=\"meta-nav\">&rarr;<\/span><\/a><\/p>\n","protected":false},"author":5244,"featured_media":0,"comment_status":"open","ping_status":"open","sticky":false,"template":"","format":"standard","meta":{"footnotes":""},"categories":[68],"tags":[299,107,106,1158,760,1159,1157],"class_list":["post-1353","post","type-post","status-publish","format-standard","hentry","category-actualites-informations","tag-greve","tag-israel","tag-palestine","tag-palestiniens","tag-prisonniers","tag-ramleh","tag-territoire-occupe"],"_links":{"self":[{"href":"https:\/\/contrelenfermement.noblogs.org\/index.php?rest_route=\/wp\/v2\/posts\/1353","targetHints":{"allow":["GET"]}}],"collection":[{"href":"https:\/\/contrelenfermement.noblogs.org\/index.php?rest_route=\/wp\/v2\/posts"}],"about":[{"href":"https:\/\/contrelenfermement.noblogs.org\/index.php?rest_route=\/wp\/v2\/types\/post"}],"author":[{"embeddable":true,"href":"https:\/\/contrelenfermement.noblogs.org\/index.php?rest_route=\/wp\/v2\/users\/5244"}],"replies":[{"embeddable":true,"href":"https:\/\/contrelenfermement.noblogs.org\/index.php?rest_route=%2Fwp%2Fv2%2Fcomments&post=1353"}],"version-history":[{"count":1,"href":"https:\/\/contrelenfermement.noblogs.org\/index.php?rest_route=\/wp\/v2\/posts\/1353\/revisions"}],"predecessor-version":[{"id":1354,"href":"https:\/\/contrelenfermement.noblogs.org\/index.php?rest_route=\/wp\/v2\/posts\/1353\/revisions\/1354"}],"wp:attachment":[{"href":"https:\/\/contrelenfermement.noblogs.org\/index.php?rest_route=%2Fwp%2Fv2%2Fmedia&parent=1353"}],"wp:term":[{"taxonomy":"category","embeddable":true,"href":"https:\/\/contrelenfermement.noblogs.org\/index.php?rest_route=%2Fwp%2Fv2%2Fcategories&post=1353"},{"taxonomy":"post_tag","embeddable":true,"href":"https:\/\/contrelenfermement.noblogs.org\/index.php?rest_route=%2Fwp%2Fv2%2Ftags&post=1353"}],"curies":[{"name":"wp","href":"https:\/\/api.w.org\/{rel}","templated":true}]}}