{"id":1403,"date":"2013-08-13T00:40:41","date_gmt":"2013-08-12T23:40:41","guid":{"rendered":"http:\/\/contrelenfermement.noblogs.org\/?p=1403"},"modified":"2013-08-13T00:40:41","modified_gmt":"2013-08-12T23:40:41","slug":"liancourt-de-nouvelles-tensions-a-la-prison","status":"publish","type":"post","link":"https:\/\/contrelenfermement.noblogs.org\/?p=1403","title":{"rendered":"Liancourt : de nouvelles tensions \u00e0 la prison"},"content":{"rendered":"<p>&nbsp;<\/p>\n<figure>\n<div><img loading=\"lazy\" decoding=\"async\" alt=\"Le corps m\u00e9dical exerce depuis jeudi son droit de retrait. (Photo D. Touchart) \" src=\"http:\/\/www.courrier-picard.fr\/sites\/default\/files\/articles\/ophotos\/20130811\/722256246_3185085_1.jpg\" width=\"589\" height=\"393\" \/><\/div>\n<\/figure>\n<p>&nbsp;<\/p>\n<div>\n<p>C&rsquo;est l&rsquo;agression verbale, jeudi, d&rsquo;une infirmi\u00e8re par un d\u00e9tenu du centre p\u00e9nitentiaire de Liancourt (Oise) qui a mis le feu aux poudres. <em>\u00ab Nous sentions bien que la tension montait depuis quelques mois dans la prison en raison d&rsquo;un manque de personnel m\u00e9dical,<\/em> explique un soignant. <em>Plusieurs fois d\u00e9j\u00e0, nous avions tir\u00e9 la sonnette d&rsquo;alarme en expliquant que nous nous mettions en danger car les d\u00e9tenus se montraient de plus en plus virulents \u00e0 l&rsquo;id\u00e9e de ne pas pouvoir \u00eatre vus rapidement par un m\u00e9decin. Pour ne pas \u00eatre frapp\u00e9e, notre coll\u00e8gue a d\u00fb prendre la fuite&#8230; \u00bb<\/em><\/p>\n<p>Bien d\u00e9cid\u00e9 cette fois \u00e0 se faire entendre, le personnel soignant &#8211; environ 25 salari\u00e9s appartenant au centre hospitalier de Creil ou au centre hospitalier interd\u00e9partemental de Fitz-James &#8211; exerce depuis jeudi son droit de retrait. <em>\u00ab Au d\u00e9part, nous avons demand\u00e9 \u00e0 ce que les soins se fassent \u00e0 l&rsquo;infirmerie et non plus dans les b\u00e2timents. Au final, nous sommes retourn\u00e9s dans les b\u00e2timents, mais accompagn\u00e9s de surveillants. Nous refusons d\u00e9sormais d&rsquo;y aller seuls. \u00bb<\/em><\/p>\n<p><strong>Un mal-\u00eatre au sein de la prison qui r\u00e9sulte d&rsquo;un manque criant de m\u00e9decins. <em>\u00ab Nous sommes pass\u00e9s de 2,7 temps pleins \u00e0 0,5. Il y a actuellement 113 consultations en retard ! Les d\u00e9tenus n&rsquo;en peuvent plus d&rsquo;attendre et s&rsquo;en prennent \u00e0 la premi\u00e8re personne qui se pr\u00e9sente devant eux<\/em>&#8230; \u00bb Quant aux prisonniers souffrant des dents, ils n&rsquo;ont gu\u00e8re plus de chance<em>. \u00ab Le seul dentiste dont l&rsquo;\u00e9tablissement dispose est en vacances pour le mois. Imaginez-vous enferm\u00e9 dans 9 m2 avec une rage de dents : c&rsquo;est le genre de souffrance qui peut entra\u00eener un passage \u00e0 l&rsquo;acte&#8230; \u00bb<\/em> <\/strong><\/p>\n<address>\u00a0<\/address>\n<address>Source : http:\/\/www.courrier-picard.fr\/region\/liancourt-de-nouvelles-tensions-a-la-prison-ia0b0n156342<\/address>\n<\/div>\n","protected":false},"excerpt":{"rendered":"<p>&nbsp; &nbsp; C&rsquo;est l&rsquo;agression verbale, jeudi, d&rsquo;une infirmi\u00e8re par un d\u00e9tenu du centre p\u00e9nitentiaire de Liancourt (Oise) qui a mis le feu aux poudres. \u00ab Nous sentions bien que la tension montait depuis quelques mois dans la prison en raison &hellip; <a href=\"https:\/\/contrelenfermement.noblogs.org\/?p=1403\">Continuer la lecture <span class=\"meta-nav\">&rarr;<\/span><\/a><\/p>\n","protected":false},"author":5244,"featured_media":0,"comment_status":"open","ping_status":"open","sticky":false,"template":"","format":"standard","meta":{"footnotes":""},"categories":[68],"tags":[],"class_list":["post-1403","post","type-post","status-publish","format-standard","hentry","category-actualites-informations"],"_links":{"self":[{"href":"https:\/\/contrelenfermement.noblogs.org\/index.php?rest_route=\/wp\/v2\/posts\/1403","targetHints":{"allow":["GET"]}}],"collection":[{"href":"https:\/\/contrelenfermement.noblogs.org\/index.php?rest_route=\/wp\/v2\/posts"}],"about":[{"href":"https:\/\/contrelenfermement.noblogs.org\/index.php?rest_route=\/wp\/v2\/types\/post"}],"author":[{"embeddable":true,"href":"https:\/\/contrelenfermement.noblogs.org\/index.php?rest_route=\/wp\/v2\/users\/5244"}],"replies":[{"embeddable":true,"href":"https:\/\/contrelenfermement.noblogs.org\/index.php?rest_route=%2Fwp%2Fv2%2Fcomments&post=1403"}],"version-history":[{"count":2,"href":"https:\/\/contrelenfermement.noblogs.org\/index.php?rest_route=\/wp\/v2\/posts\/1403\/revisions"}],"predecessor-version":[{"id":1405,"href":"https:\/\/contrelenfermement.noblogs.org\/index.php?rest_route=\/wp\/v2\/posts\/1403\/revisions\/1405"}],"wp:attachment":[{"href":"https:\/\/contrelenfermement.noblogs.org\/index.php?rest_route=%2Fwp%2Fv2%2Fmedia&parent=1403"}],"wp:term":[{"taxonomy":"category","embeddable":true,"href":"https:\/\/contrelenfermement.noblogs.org\/index.php?rest_route=%2Fwp%2Fv2%2Fcategories&post=1403"},{"taxonomy":"post_tag","embeddable":true,"href":"https:\/\/contrelenfermement.noblogs.org\/index.php?rest_route=%2Fwp%2Fv2%2Ftags&post=1403"}],"curies":[{"name":"wp","href":"https:\/\/api.w.org\/{rel}","templated":true}]}}