{"id":1406,"date":"2013-08-13T15:56:56","date_gmt":"2013-08-13T14:56:56","guid":{"rendered":"http:\/\/contrelenfermement.noblogs.org\/?p=1406"},"modified":"2013-08-13T15:56:56","modified_gmt":"2013-08-13T14:56:56","slug":"violences-contre-des-surveillants-prison-ferme-pour-trois-detenus","status":"publish","type":"post","link":"https:\/\/contrelenfermement.noblogs.org\/?p=1406","title":{"rendered":"Violences contre des surveillants : prison ferme pour trois d\u00e9tenus"},"content":{"rendered":"<p>Trois d\u00e9tenus de la maison d&rsquo;arr\u00eat d&rsquo;Osny, dans le Val-d&rsquo;Oise ont \u00e9t\u00e9 condamn\u00e9s \u00e0 des peines de <strong>10 \u00e0 24 mois de prison ferme pour violence, outrage et r\u00e9bellion<\/strong>. \u00a0Le 1er juillet, \u00e0 l&rsquo;issue de la promenade du matin, un d\u00e9tenu avait eu une altercation au portique de s\u00e9curit\u00e9 avec un surveillant stagiaire. Trois autres d\u00e9tenus \u00e9taient alors venus pr\u00eater main forte et la situation <strong>avait vir\u00e9 au pugilat<\/strong>, avec plusieurs agents bless\u00e9s.<br \/>\nUn peu plus tard, dans le quartier disciplinaire, un des d\u00e9tenus, qui avait \u00ab\u00a0la haine d&rsquo;avoir \u00e9t\u00e9 plac\u00e9 au mitard pour rien\u00a0\u00bb, avait donn\u00e9 un coup de poing \u00e0 un agent. Il avait ensuite <strong>crach\u00e9 sur la directrice<\/strong> adjointe de l&rsquo;\u00e9tablissement.<\/p>\n<p>Dix agents de l&rsquo;administration p\u00e9nitentiaire, dont quatre avaient eu <strong>une interruption temporaire de travail (ITT)<\/strong> et neuf s&rsquo;\u00e9taient constitu\u00e9s partie civile, s&rsquo;\u00e9taient trouv\u00e9s pris dans la bagarre.<\/p>\n<p>Les d\u00e9tenus transf\u00e9r\u00e9s<\/p>\n<p>\u00ab\u00a0On a assist\u00e9 \u00e0 des sc\u00e8nes de violence inou\u00efes et rares\u00a0\u00bb, a d\u00e9clar\u00e9 \u00e0 la barre la directrice adjointe de l&rsquo;\u00e9tablissement, D\u00e9sir\u00e9e Yulafci. \u00ab\u00a0Le mouvement du retour de la promenade est intrins\u00e8quement tr\u00e8s sensible et il y a l&rsquo;effet de groupe qui peut jouer\u00a0\u00bb, a-t-elle expliqu\u00e9.<\/p>\n<p>A la suite des \u00e9chauffour\u00e9es, quatre d\u00e9tenus avaient \u00e9t\u00e9 transf\u00e9r\u00e9s vers d&rsquo;autres \u00e9tablissements p\u00e9nitentiaires. <strong>L&rsquo;un d&rsquo;eux a finalement \u00e9t\u00e9 relax\u00e9<\/strong> par le tribunal de Pontoise.<\/p>\n<p>\u00ab\u00a0On est satisfait par rapport aux r\u00e9quisitions du procureur, vu que le tribunal les a suivies, voire aggrav\u00e9es dans un cas. Nous sommes les repr\u00e9sentants de l&rsquo;autorit\u00e9 publique et i<strong>l faut que les d\u00e9tenus se le mettent dans la t\u00eate<\/strong>\u00ab\u00a0, a estim\u00e9 J\u00e9r\u00f4me Nobelcourt, d\u00e9l\u00e9gu\u00e9 r\u00e9gional de Force ouvri\u00e8re (FO), qui \u00e9tait pr\u00e9sent \u00e0 l&rsquo;audience.<\/p>\n<p>L&rsquo;avocate de l&rsquo;un des d\u00e9tenus condamn\u00e9s \u00e0 18 mois ferme, Me Louise Tort, a en revanche qualifi\u00e9 le jugement de \u00ab\u00a0s\u00e9v\u00e8re\u00a0\u00bb. \u00ab\u00a0On marche sur la t\u00eate. On fait passer sur des individus des responsabilit\u00e9s collectives: <strong>nos prisons sont pires qu&rsquo;en Moldavie, comme l&rsquo;a indiqu\u00e9 la Cour europ\u00e9enne des droits de l&rsquo;homme (CEDH).<\/strong><\/p>\n<p><strong>Ce type d&rsquo;\u00e9v\u00e9nements est totalement li\u00e9 \u00e0 la surpopulation carc\u00e9rale et au d\u00e9sinvestissement de l&rsquo;Etat dans les prisons<\/strong> en terme de moyens\u00a0\u00bb, a-t-elle comment\u00e9.<\/p>\n<address>Source : http:\/\/www.rtl.fr\/actualites\/info\/article\/violences-contre-des-surveillants-prison-ferme-pour-trois-detenus-7763735504<\/address>\n<p>&nbsp;<\/p>\n","protected":false},"excerpt":{"rendered":"<p>Trois d\u00e9tenus de la maison d&rsquo;arr\u00eat d&rsquo;Osny, dans le Val-d&rsquo;Oise ont \u00e9t\u00e9 condamn\u00e9s \u00e0 des peines de 10 \u00e0 24 mois de prison ferme pour violence, outrage et r\u00e9bellion. \u00a0Le 1er juillet, \u00e0 l&rsquo;issue de la promenade du matin, un &hellip; <a href=\"https:\/\/contrelenfermement.noblogs.org\/?p=1406\">Continuer la lecture <span class=\"meta-nav\">&rarr;<\/span><\/a><\/p>\n","protected":false},"author":5244,"featured_media":0,"comment_status":"open","ping_status":"open","sticky":false,"template":"","format":"standard","meta":{"footnotes":""},"categories":[6],"tags":[730,500,1201,130,383,16],"class_list":["post-1406","post","type-post","status-publish","format-standard","hentry","category-comment-ils-nous-enferment","tag-agents","tag-ap","tag-interruption","tag-osny","tag-surpopulation","tag-violence"],"_links":{"self":[{"href":"https:\/\/contrelenfermement.noblogs.org\/index.php?rest_route=\/wp\/v2\/posts\/1406","targetHints":{"allow":["GET"]}}],"collection":[{"href":"https:\/\/contrelenfermement.noblogs.org\/index.php?rest_route=\/wp\/v2\/posts"}],"about":[{"href":"https:\/\/contrelenfermement.noblogs.org\/index.php?rest_route=\/wp\/v2\/types\/post"}],"author":[{"embeddable":true,"href":"https:\/\/contrelenfermement.noblogs.org\/index.php?rest_route=\/wp\/v2\/users\/5244"}],"replies":[{"embeddable":true,"href":"https:\/\/contrelenfermement.noblogs.org\/index.php?rest_route=%2Fwp%2Fv2%2Fcomments&post=1406"}],"version-history":[{"count":2,"href":"https:\/\/contrelenfermement.noblogs.org\/index.php?rest_route=\/wp\/v2\/posts\/1406\/revisions"}],"predecessor-version":[{"id":1408,"href":"https:\/\/contrelenfermement.noblogs.org\/index.php?rest_route=\/wp\/v2\/posts\/1406\/revisions\/1408"}],"wp:attachment":[{"href":"https:\/\/contrelenfermement.noblogs.org\/index.php?rest_route=%2Fwp%2Fv2%2Fmedia&parent=1406"}],"wp:term":[{"taxonomy":"category","embeddable":true,"href":"https:\/\/contrelenfermement.noblogs.org\/index.php?rest_route=%2Fwp%2Fv2%2Fcategories&post=1406"},{"taxonomy":"post_tag","embeddable":true,"href":"https:\/\/contrelenfermement.noblogs.org\/index.php?rest_route=%2Fwp%2Fv2%2Ftags&post=1406"}],"curies":[{"name":"wp","href":"https:\/\/api.w.org\/{rel}","templated":true}]}}