{"id":1436,"date":"2013-08-23T11:38:29","date_gmt":"2013-08-23T10:38:29","guid":{"rendered":"http:\/\/contrelenfermement.noblogs.org\/?p=1436"},"modified":"2013-08-27T14:56:01","modified_gmt":"2013-08-27T13:56:01","slug":"mutineries-a-la-prison-de-chateaudun","status":"publish","type":"post","link":"https:\/\/contrelenfermement.noblogs.org\/?p=1436","title":{"rendered":"Sur les r\u00e9voltes qui ont eu lieu \u00e0 la prison de Ch\u00e2teaudun"},"content":{"rendered":"<p>Diverses rebellions ont eu lieu cette semaine au centre de d\u00e9tention de ch\u00e2teau dun.<\/p>\n<p>La presse relate certains faits qui se serait produit\u00a0 mardi et\u00a0 mercredi 21 Ao\u00fbt :<\/p>\n<p><strong>\u00ab\u00a0Au moins trente-six d\u00e9tenus se seraient rebell\u00e9s.<\/strong><\/p>\n<p><strong><\/strong>La violence est mont\u00e9e d\u2019un cran par rapport \u00e0 mardi. Tous les secteurs de la prison ont \u00e9t\u00e9 ferm\u00e9s. Pourtant, ce mercredi, la d\u00e9tention semblait reprendre un cours normal \u00bb, expliquait Laetitia, d\u00e9l\u00e9gu\u00e9e syndicale FO, hier vers 18 h 30, jointe \u00e0 l\u2019int\u00e9rieur du centre de d\u00e9tention\u00a0de Ch\u00e2teaudun, alors que les \u00c9quipes r\u00e9gionales d\u2019intervention et de s\u00e9curit\u00e9 (ERIS) de Paris \u00e9taient en train d\u2019intervenir pour ma\u00eetriser les d\u00e9tenus mutins.<\/p>\n<p><strong>La probable comparution imm\u00e9diate, ce jeudi, au tribunal de Chartres, des cinq pr\u00e9sum\u00e9s meneurs de la mutinerie de <a href=\"http:\/\/www.lechorepublicain.fr\/eure-et-loir\/actualite\/pays\/pays-dunois\/chateaudun\/2013\/08\/20\/mutinerie-a-la-prison-de-chateaudun-ca-devient-un-centre-de-vacances-1663426.html\" target=\"_blank\">mardi<\/a>, n\u2019a pas \u00e9teint la cocotte-minute.<\/strong><\/p>\n<p><b>Pas de promenade<\/b><\/p>\n<p>Apr\u00e8s celles de <a href=\"http:\/\/www.lechorepublicain.fr\/eure-et-loir\/actualite\/pays\/pays-dunois\/chateaudun\/2013\/08\/20\/mutinerie-a-la-prison-de-chateaudun-ca-devient-un-centre-de-vacances-1663426.html\" target=\"_blank\">mardi <\/a>, de nouvelle \u00e9meutes ont \u00e9clat\u00e9es, hier vers 16 heures au sein de l\u2019\u00e9tablissement. Cette fois, \u00e0 la fin de la promenade, trente-six d\u00e9tenus n\u2019ont pas voulu regagner leur cellules et ont commenc\u00e9 \u00e0 s\u2019en prendre au grillage de la cours de promenade.<\/p>\n<p><strong>\u00ab\u00a0On nous a refus\u00e9 la promenade ce matin. La moiti\u00e9 des d\u00e9tenus n\u2019ont pas eu acc\u00e8s aujourd\u2019hui \u00a0\u00e0 leur cantine (les produits qu\u2019ils ach\u00e8tent). On a moins de temps pour se doucher, les conditions de d\u00e9tention ressemblent depuis avril-mai \u00e0 celles d\u2019une maison d\u2019arr\u00eat\u00a0\u00bb, a expliqu\u00e9 Julien (*), 23 ans, un d\u00e9tenu joint hier \u00e0 l\u2019int\u00e9rieur.<\/strong><\/p>\n<p><strong>\u00ab\u00a0Il me reste peu de temps \u00e0 faire, mais si ce n\u2019\u00e9tait pas le cas je demanderais mon transfert dans un autre \u00e9tablissement, car les conditions deviennent inacceptables.\u00a0\u00bb<\/strong><\/p>\n<p><strong>Certaine presse\u00a0 demande : \u00ab\u00a0comment expliquer ces \u00e9meutes rapproch\u00e9es \u00e0 Ch\u00e2teaudun, alors qu&rsquo;une autre \u00e9tait survenue lundi 19 ao\u00fbt dans la maison d&rsquo;arr\u00eat de Blois ? (Une soixantaine de d\u00e9tenus avaient mis \u00e0 sac un secteur de la prison apr\u00e8s la mort d&rsquo;un d\u00e9tenu en cellule.)<\/strong><\/p>\n<div id=\"articleBody\">\n<p><strong><em>\u00ab\u00a0De nombreux d\u00e9tenus qui \u00e9taient \u00e0 l&rsquo;origine de la mutinerie de Blois ont \u00e9t\u00e9 transf\u00e9r\u00e9s l\u00e0. Ils ont certainement voulu <a href=\"http:\/\/conjugaison.lemonde.fr\/conjugaison\/troisieme-groupe\/remettre\" target=\"_blank\">remettre<\/a> \u00e7a<\/em>, explique <a href=\"http:\/\/www.lemonde.fr\/sujet\/e4fb\/olivier-caquineau.html\" target=\"_blank\">Olivier Caquineau<\/a>, secr\u00e9taire g\u00e9n\u00e9ral adjoint du syndicat Snepap. <em>La crainte, c&rsquo;est que les mutineries se r\u00e9pandent. <\/em>\u00ab\u00a0<\/strong><\/p>\n<p><strong>(&#8230;) Cette double mutinerie n&rsquo;<em>\u00ab\u00a0\u00e9tonne pas du tout\u00a0\u00bb<\/em> <\/strong>Fran\u00e7ois Korber, d\u00e9l\u00e9gu\u00e9 g\u00e9n\u00e9ral de l&rsquo;association de <a href=\"http:\/\/www.lemonde.fr\/defense\/\">d\u00e9fense<\/a> des pr\u00e9venus Robin des lois. Elle est selon lui symptomatique du <em>\u00ab\u00a0concentr\u00e9 de l&rsquo;ultraviolence\u00a0\u00bb<\/em> qu&rsquo;accueille la prison.<strong> <em>\u00ab\u00a0Depuis dix ans se d\u00e9verse l\u00e0 toute la mis\u00e8re de l&rsquo;<a href=\"http:\/\/www.lemonde.fr\/ile-de-france\/\">Ile-de-France<\/a>.(&#8230; )<\/em> souligne l&rsquo;ex-d\u00e9tenu de Ch\u00e2teaudun.<\/strong><\/p>\n<p><em>(&#8230;)<\/em><\/p>\n<p><strong> La DAP refuse le terme de \u00ab\u00a0mutinerie\u00a0\u00bb pour Ch\u00e2teaudun et pr\u00e9f\u00e8re celui d&rsquo;<em>\u00ab\u00a0\u00e9mulation\u00a0\u00bb<\/em>.<\/strong><\/p>\n<p><strong>Surpeupl\u00e9es, les prisons franciliennes comme Fresnes renvoient r\u00e9guli\u00e8rement leurs d\u00e9tenus <a href=\"http:\/\/conjugaison.lemonde.fr\/conjugaison\/premier-groupe\/purger\" target=\"_blank\">purger<\/a> leurs peines dans ce centre.*\u00a0\u00bb<\/strong><\/p>\n<p>(&#8230;)<\/p>\n<p><em>(Un centre de d\u00e9tention accueille des personnes condamn\u00e9s a qui il reste \u00e0 faire une peine d&rsquo;un an ou moins. A ce titre, les CD sont cens\u00e9s donner un r\u00e9gime de d\u00e9tention qui celon les termes sont cens\u00e9 \u00eatre tourn\u00e9 vers\u00a0 la \u00ab\u00a0resocialisation\u00a0\u00bb des d\u00e9tenus !! Mais comment peut-on \u00ab\u00a0socialiser\u00a0\u00bb quelqu&rsquo;un en le maintenant enferm\u00e9 ? \u00a0 )<\/em><\/p>\n<address>\u00a0<\/address>\n<address>*Source :<\/p>\n<address><i>(*) Le pr\u00e9nom a \u00e9t\u00e9 chang\u00e9.<\/i><\/address>\n<address>\u00a0Source 1 en date du 21\/ 22 Aout: http:\/\/www.lechorepublicain.fr\/eure-et-loir\/actualite\/pays\/pays-dunois\/2013\/08\/22\/mutineries-a-la-prison-de-chateaudun-la-violence-est-montee-dun-cran-par-rapport-a-mardi-1664386.html<\/address>\n<\/address>\n<address>2 : http:\/\/www.lemonde.fr\/societe\/article\/2013\/08\/24\/au-sein-de-la-prison-de-chateaudun-un-concentre-d-ultraviolence_3465877_3224.html<\/address>\n<address>\u00a0<\/address>\n<\/div>\n","protected":false},"excerpt":{"rendered":"<p>Diverses rebellions ont eu lieu cette semaine au centre de d\u00e9tention de ch\u00e2teau dun. La presse relate certains faits qui se serait produit\u00a0 mardi et\u00a0 mercredi 21 Ao\u00fbt : \u00ab\u00a0Au moins trente-six d\u00e9tenus se seraient rebell\u00e9s. La violence est mont\u00e9e &hellip; <a href=\"https:\/\/contrelenfermement.noblogs.org\/?p=1436\">Continuer la lecture <span class=\"meta-nav\">&rarr;<\/span><\/a><\/p>\n","protected":false},"author":5244,"featured_media":0,"comment_status":"open","ping_status":"open","sticky":false,"template":"","format":"standard","meta":{"footnotes":""},"categories":[68,6],"tags":[761,290,1251,485,81,811,1249,1248,325,1250,613],"class_list":["post-1436","post","type-post","status-publish","format-standard","hentry","category-actualites-informations","category-comment-ils-nous-enferment","tag-chateaudun","tag-controle","tag-deal","tag-delarue","tag-familles","tag-gendarmerie","tag-inferieure","tag-korber","tag-peine","tag-priver","tag-stupefiants"],"_links":{"self":[{"href":"https:\/\/contrelenfermement.noblogs.org\/index.php?rest_route=\/wp\/v2\/posts\/1436","targetHints":{"allow":["GET"]}}],"collection":[{"href":"https:\/\/contrelenfermement.noblogs.org\/index.php?rest_route=\/wp\/v2\/posts"}],"about":[{"href":"https:\/\/contrelenfermement.noblogs.org\/index.php?rest_route=\/wp\/v2\/types\/post"}],"author":[{"embeddable":true,"href":"https:\/\/contrelenfermement.noblogs.org\/index.php?rest_route=\/wp\/v2\/users\/5244"}],"replies":[{"embeddable":true,"href":"https:\/\/contrelenfermement.noblogs.org\/index.php?rest_route=%2Fwp%2Fv2%2Fcomments&post=1436"}],"version-history":[{"count":9,"href":"https:\/\/contrelenfermement.noblogs.org\/index.php?rest_route=\/wp\/v2\/posts\/1436\/revisions"}],"predecessor-version":[{"id":1438,"href":"https:\/\/contrelenfermement.noblogs.org\/index.php?rest_route=\/wp\/v2\/posts\/1436\/revisions\/1438"}],"wp:attachment":[{"href":"https:\/\/contrelenfermement.noblogs.org\/index.php?rest_route=%2Fwp%2Fv2%2Fmedia&parent=1436"}],"wp:term":[{"taxonomy":"category","embeddable":true,"href":"https:\/\/contrelenfermement.noblogs.org\/index.php?rest_route=%2Fwp%2Fv2%2Fcategories&post=1436"},{"taxonomy":"post_tag","embeddable":true,"href":"https:\/\/contrelenfermement.noblogs.org\/index.php?rest_route=%2Fwp%2Fv2%2Ftags&post=1436"}],"curies":[{"name":"wp","href":"https:\/\/api.w.org\/{rel}","templated":true}]}}