{"id":1476,"date":"2013-09-06T14:42:38","date_gmt":"2013-09-06T13:42:38","guid":{"rendered":"http:\/\/contrelenfermement.noblogs.org\/?p=1476"},"modified":"2013-09-06T14:42:38","modified_gmt":"2013-09-06T13:42:38","slug":"dpda-taubira-piegee-par-un-temoignage-anonyme-lindignite-de-pujadas-et-france-2","status":"publish","type":"post","link":"https:\/\/contrelenfermement.noblogs.org\/?p=1476","title":{"rendered":"\u00ab\u00a0DPDA\u00a0\u00bb : Taubira pi\u00e9g\u00e9e par un t\u00e9moignage anonyme, l&rsquo;indignit\u00e9 de Pujadas et France 2"},"content":{"rendered":"<p>Invit\u00e9e de l&rsquo;\u00e9mission \u00ab\u00a0Des Paroles et des actes\u00a0\u00bb sur France 2, Christiane Taubira s&rsquo;est retrouv\u00e9e face <a href=\"http:\/\/tempsreel.nouvelobs.com\/medias\/20130905.OBS5818\/face-au-temoignage-anonyme-d-une-victime-taubira-fait-silence.html\" target=\"_blank\">au t\u00e9moignage anonyme d&rsquo;une m\u00e8re de victime<\/a>. La ministre de la Justice s&rsquo;en est sortie avec honneur, mais le proc\u00e9d\u00e9 de David Pujadas m\u00e9rite d\u00e9bat : indigne ou pas ? Point de vue de notre chroniqueur Bruno Roger-Petit.<\/p>\n<div>\n<p><strong>Parfois, il arrive que le t\u00e9l\u00e9spectateur \u00e9prouve de la honte devant son petit \u00e9cran. Honte pour ceux qui la font et qui d\u00e9font une certaine id\u00e9e du service public de la t\u00e9l\u00e9vision.<\/strong> Ce fut le cas,<a href=\"http:\/\/tempsreel.nouvelobs.com\/politique\/20130906.OBS5819\/christiane-taubira-sur-france-2-les-temps-forts-en-5-videos.html\" target=\"_blank\" rel=\"follow\"> ce jeudi soir, lors de l&rsquo;\u00e9mission \u00ab\u00a0Des Paroles et des actes\u00a0\u00bb, sur France 2<\/a>, pr\u00e9sent\u00e9e par David Pujadas, et qui accueillait Christiane Taubira, ministre de la Justice. (&#8230;)<\/p>\n<\/div>\n<p>De ce \u00ab\u00a0Paroles et des actes\u00a0\u00bb, l&rsquo;histoire de la t\u00e9l\u00e9vision retiendra un passage, un seul. Ce moment o\u00f9 David Pujadas <a href=\"http:\/\/tempsreel.nouvelobs.com\/medias\/20130905.OBS5818\/face-au-temoignage-anonyme-d-une-victime-taubira-fait-silence.html\" target=\"_blank\" rel=\"follow\">a sorti de sa pochette-surprise le t\u00e9moignage de la m\u00e8re d&rsquo;une victime<\/a>. Un t\u00e9moignage anonyme, \u00e9manant d&rsquo;une ombre, exprimant tout \u00e0 la fois douleur et haine, rage et d\u00e9sespoir.<\/p>\n<p><strong><\/strong>Que dire, que faire face \u00e0 un tel t\u00e9moignage ? De m\u00eame que Christiane Taubira,on observera ici le m\u00eame respectueux silence vis-\u00e0-vis de la souffrance de ce t\u00e9moin. En l&rsquo;esp\u00e8ce, seul le silence est digne. En lui-m\u00eame, ce t\u00e9moignage ne sera pas le sujet de ce billet.<\/p>\n<p>En v\u00e9rit\u00e9, le sujet, c&rsquo;est<strong> le proc\u00e9d\u00e9, ce qu&rsquo;il dit de la t\u00e9l\u00e9vision d&rsquo;aujourd&rsquo;hui, de ce qu&rsquo;elle devient, de son inhumanit\u00e9, de ce qu&rsquo;elle n&rsquo;est plus qu&rsquo;une machine \u00e0 \u00e9motion qui ach\u00e8ve, peu \u00e0 peu, de vider toute raison, toute r\u00e9flexion de ce qu&rsquo;elle donne \u00e0 regarder.<\/strong><\/p>\n<p>Il ne fait aucun doute que la volont\u00e9 des organisateurs de ce moment de t\u00e9l\u00e9vision visait \u00e0 confronter le discours de Christiane Taubira \u00e0 la r\u00e9alit\u00e9 des actes judiciaires.<\/p>\n<p><strong><em>( A la r\u00e9alit\u00e9 des actes judiciaires ?? ! en fait ils font dans la m\u00eame veine que nos politiciens qui nous habituent \u00e0 fonctionner \u00e0 l&rsquo;affect ce que ne sont pas cens\u00e9s faire les m\u00e9dias et les politiciens !!! )<\/em> <\/strong><\/p>\n<p>Il ne fait \u00e9galement aucun doute qu&rsquo;en organisant cette s\u00e9quence, ce qu&rsquo;il faut bien appeler un pi\u00e8ge tendu \u00e0 Christiane Taubira, ils ont jug\u00e9 que l&rsquo;aspect \u00e9motionnel fort, in\u00e9vitable et in\u00e9luctable, allait accoucher d&rsquo;un moment de t\u00e9l\u00e9vision d&rsquo;une intensit\u00e9 incomparable.<\/p>\n<p><em>( non pas vrai\u00a0 le but de la t\u00e9l\u00e9 : divertir et jouer avec nos \u00e9motions ! )<\/em><\/p>\n<p>(&#8230;)<\/p>\n<p>Enfin, sauf \u00e0 \u00eatre des enfants ou des inconscients, ils ne pouvaient pas ne pas anticiper que, quelle que soit sa r\u00e9action, Christiane Taubira n&rsquo;aurait que son impuissance \u00e0 offrir en partage \u00e0 un tel t\u00e9moignage tant il est impossible de tenir le langage de la raison \u00e0 celui ou celle qui s&rsquo;estime victime de la plus grande des injustices (ce qui est, pr\u00e9cisons-le, afin d&rsquo;\u00e9viter ici les mauvais proc\u00e8s en insensibilit\u00e9 au malheur injuste, le sentiment le plus naturel du monde).<\/p>\n<p><strong>Une faute grave<\/strong><\/p>\n<p>Oui, Christiane Taubira ne pouvait que se montrer impuissante face \u00e0 ce cas extr\u00eame, dont la charge \u00e9motionnelle balayait toute volont\u00e9 de rationalit\u00e9. C&rsquo;est l\u00e0, et nulle part ailleurs, que r\u00e9side le pi\u00e8ge dans son caract\u00e8re le plus odieux : Christiane Taubira ne pouvait pas s&rsquo;en sortir. Elle ne pouvait offrir que son \u00e9coute attentive et son silence respectueux. Ce qu&rsquo;elle a fait&#8230;<\/p>\n<p>Cette s\u00e9quence est plus qu&rsquo;une erreur, c&rsquo;est une faute grave.<\/p>\n<p>De quoi parlait-on dans ce \u00ab\u00a0DPDA\u00a0\u00bb ? De la Justice, de ce qu&rsquo;elle incarne, de ce qu&rsquo;elle vise. De droit p\u00e9nal, de sanction, d&rsquo;\u00e9chelle des peines&#8230; En politique, c&rsquo;est la mati\u00e8re qui ne souffre ni passion, ni \u00e9motion, celle o\u00f9 s&rsquo;impose la raison et la r\u00e9flexion. C&rsquo;est ce que l&rsquo;on apprend en 1ere ann\u00e9e de droit, quand on d\u00e9bute dans le droit p\u00e9nal : que la justice est rendue au nom de la soci\u00e9t\u00e9, \u00e0 raison du tort que le crime ou le d\u00e9lit lui ont caus\u00e9, et que c&rsquo;est pour cette raison qu&rsquo;elle rel\u00e8ve de la puissance publique, qui doit agir alors de la mani\u00e8re la plus rationnelle et la plus apais\u00e9e qui soit.<\/p>\n<p>Jusqu&rsquo;\u00e0 ce \u00ab\u00a0DPDA\u00a0\u00bb d&rsquo;anthologie, de m\u00e9moire de t\u00e9l\u00e9spectateur, jamais un ministre de la Justice n&rsquo;avait \u00e9t\u00e9 ainsi pi\u00e9g\u00e9 par un t\u00e9moignage anonyme, destin\u00e9 \u00e0 le mettre en difficult\u00e9, par le jeu de l&rsquo;\u00e9motion et de la passion. Jamais.<\/p>\n<p>Si cela ne s&rsquo;\u00e9tait jamais produit, c&rsquo;est que la r\u00e8gle pos\u00e9e ci-dessus \u00e9tait respect\u00e9e : faire en sorte que les d\u00e9bats t\u00e9l\u00e9vis\u00e9s portant sur cette mati\u00e8re soient le plus raisonnable possible, quand bien m\u00eame ils n&rsquo;excluent pas le choc des id\u00e9es, comme on l&rsquo;a vu d&rsquo;ailleurs plus tard dans \u00ab\u00a0DPDA\u00a0\u00bb avec le choc Taubira\/Estrosi.<\/p>\n<p><strong>Un moment de reality show<\/strong><\/p>\n<p>L&rsquo;indignit\u00e9, car il s&rsquo;agit bien d&rsquo;indignit\u00e9, et l&rsquo;on use ici de ce mot sans craindre de le galvauder, parce qu&rsquo;il est le plus appropri\u00e9 \u00e0 la situation, l&rsquo;indignit\u00e9 donc, de David Pujadas et de ceux qui ont con\u00e7u ce moment de t\u00e9l\u00e9vision est double.<\/p>\n<p><strong>La premi\u00e8re indignit\u00e9, c&rsquo;est d&rsquo;abaisser le d\u00e9bat public, de transformer ce qui devrait \u00eatre un \u00e9change honorable, de grande hauteur de vue, en moment de <em>reality show<\/em> ne jouant que sur l&rsquo;\u00e9motion du t\u00e9l\u00e9spectateur.<\/strong><\/p>\n<p>Quelle id\u00e9e se font-ils de nous, les responsables de l&rsquo;information de France 2, pour croire que nous ne sommes que des b\u00eates de t\u00e9l\u00e9vision, ne r\u00e9agissant que par <em>stimuli<\/em> \u00e9motionnels destin\u00e9s \u00e0 alimenter nos pires pulsions d\u00e8s qu&rsquo;il s&rsquo;agit de Justice ? Pensent-ils que la m\u00e9nag\u00e8re de moins de cinquante ans est une descendante des tricoteuses de la Terreur ?<\/p>\n<p>Voil\u00e0 pourquoi, tout t\u00e9l\u00e9spectateur, soucieux d&rsquo;assister \u00e0 une d\u00e9bat serein et \u00e9quilibr\u00e9 sur les probl\u00e8mes de justice, ne pouvait que se sentir honteux et piteux devant sa t\u00e9l\u00e9vision, se voyant aussi mal consid\u00e9r\u00e9 par ceux qui ont pour vocation de l&rsquo;informer, donc de l&rsquo;\u00e9clairer.<\/p>\n<p>La seconde indignit\u00e9, c&rsquo;est d&rsquo;avoir fait croire \u00e0 cette anonyme t\u00e9moin que la t\u00e9l\u00e9vision lui offrirait la catharsis tant esp\u00e9r\u00e9e&#8230; Quelle duperie&#8230; Quelle tromperie&#8230; Quel mensonge&#8230; Quel terrible mensonge&#8230;<\/p>\n<p><strong>Une triste t\u00e9l\u00e9vision en 2013<\/strong><\/p>\n<p>Comme l&rsquo;a dit de cette personne, avec beaucoup d&rsquo;\u00e9l\u00e9gance, Christiane Taubira, \u00ab\u00a0lui demander de r\u00e9pondre \u00e0 des question difficiles, c&rsquo;\u00e9tait sans doute encore ajouter \u00e0 sa peine\u00a0\u00bb. Avec cette formule, elle a aussi r\u00e9duit \u00e0 n\u00e9ant le faible alibi de David Pujadas pour justifier le pi\u00e8ge : \u00ab\u00a0Elle a choisi de t\u00e9moigner\u00a0\u00bb&#8230; Que peut bien signifier le verbe \u00ab\u00a0choisir\u00a0\u00bb dans un tel contexte ?<\/p>\n<p><strong>Ainsi va la t\u00e9l\u00e9vision en 2013&#8230; Un petit monde qui ne donne plus \u00e0 r\u00e9fl\u00e9chir mais \u00e0 rugir&#8230; Un petit monde qui n&rsquo;offre plus \u00e0 penser mais \u00e0 h\u00e9risser&#8230; Un petit monde qui ne s&rsquo;adresse m\u00eame plus au temps de cerveau disponible, mais \u00e0 sa partie la moins civilis\u00e9e, la plus animale, la plus reptilienne&#8230;\u00a0<\/strong><\/p>\n<p>(&#8230;)<\/p>\n<address>Source : http:\/\/leplus.nouvelobs.com\/contribution\/933262-dpda-taubira-piegee-par-un-temoignage-anonyme-l-indignite-de-pujadas-et-france-2.html<\/address>\n","protected":false},"excerpt":{"rendered":"<p>Invit\u00e9e de l&rsquo;\u00e9mission \u00ab\u00a0Des Paroles et des actes\u00a0\u00bb sur France 2, Christiane Taubira s&rsquo;est retrouv\u00e9e face au t\u00e9moignage anonyme d&rsquo;une m\u00e8re de victime. La ministre de la Justice s&rsquo;en est sortie avec honneur, mais le proc\u00e9d\u00e9 de David Pujadas m\u00e9rite &hellip; <a href=\"https:\/\/contrelenfermement.noblogs.org\/?p=1476\">Continuer la lecture <span class=\"meta-nav\">&rarr;<\/span><\/a><\/p>\n","protected":false},"author":5244,"featured_media":0,"comment_status":"open","ping_status":"open","sticky":false,"template":"","format":"standard","meta":{"footnotes":""},"categories":[68],"tags":[1280,1277,1278,1279,1276,18,1114,1274,1275,401,1281],"class_list":["post-1476","post","type-post","status-publish","format-standard","hentry","category-actualites-informations","tag-affect","tag-cerveau","tag-debile","tag-emotion","tag-indignite","tag-justice","tag-nouvel-obs","tag-pujadas","tag-service-public","tag-taubira","tag-temoin"],"_links":{"self":[{"href":"https:\/\/contrelenfermement.noblogs.org\/index.php?rest_route=\/wp\/v2\/posts\/1476","targetHints":{"allow":["GET"]}}],"collection":[{"href":"https:\/\/contrelenfermement.noblogs.org\/index.php?rest_route=\/wp\/v2\/posts"}],"about":[{"href":"https:\/\/contrelenfermement.noblogs.org\/index.php?rest_route=\/wp\/v2\/types\/post"}],"author":[{"embeddable":true,"href":"https:\/\/contrelenfermement.noblogs.org\/index.php?rest_route=\/wp\/v2\/users\/5244"}],"replies":[{"embeddable":true,"href":"https:\/\/contrelenfermement.noblogs.org\/index.php?rest_route=%2Fwp%2Fv2%2Fcomments&post=1476"}],"version-history":[{"count":2,"href":"https:\/\/contrelenfermement.noblogs.org\/index.php?rest_route=\/wp\/v2\/posts\/1476\/revisions"}],"predecessor-version":[{"id":1478,"href":"https:\/\/contrelenfermement.noblogs.org\/index.php?rest_route=\/wp\/v2\/posts\/1476\/revisions\/1478"}],"wp:attachment":[{"href":"https:\/\/contrelenfermement.noblogs.org\/index.php?rest_route=%2Fwp%2Fv2%2Fmedia&parent=1476"}],"wp:term":[{"taxonomy":"category","embeddable":true,"href":"https:\/\/contrelenfermement.noblogs.org\/index.php?rest_route=%2Fwp%2Fv2%2Fcategories&post=1476"},{"taxonomy":"post_tag","embeddable":true,"href":"https:\/\/contrelenfermement.noblogs.org\/index.php?rest_route=%2Fwp%2Fv2%2Ftags&post=1476"}],"curies":[{"name":"wp","href":"https:\/\/api.w.org\/{rel}","templated":true}]}}