{"id":1540,"date":"2013-12-06T19:27:53","date_gmt":"2013-12-06T18:27:53","guid":{"rendered":"http:\/\/contrelenfermement.noblogs.org\/?p=1540"},"modified":"2013-12-10T19:39:21","modified_gmt":"2013-12-10T18:39:21","slug":"des-nouvelles-de-christine-ribailly","status":"publish","type":"post","link":"https:\/\/contrelenfermement.noblogs.org\/?p=1540","title":{"rendered":"Des nouvelles de Christine Ribailly\u2026"},"content":{"rendered":"<header>Dans le dernier num\u00e9ro du journal l&rsquo;envol\u00e9e vous trouverez des lettres envoy\u00e9es par Christine depuis les derni\u00e8res prisons o\u00f9 elle est pass\u00e9e&#8230; Mais au moment o\u00f9 nous mettions sous presse le verdict de son dernier proc\u00e8s -qui s&rsquo;\u00e9tait tenu le 19 septembre dernier- n&rsquo;\u00e9tait pas encore tomb\u00e9. Depuis il est tomb\u00e9 et&#8230;bien tomb\u00e9 malheureusement.Le 19 septembre Christine \u00e9tait jug\u00e9e par le tribunal &lsquo;Arras pour des faits survenus au Centre de D\u00e9tention (CD) de Bapaume : refus de donner ses empreintes ; \u00ab violences \u00bb pour s&rsquo;\u00eatre d\u00e9battue sous les coups des matons ; \u00ab menaces \u00bb pour avoir cri\u00e9 \u00e0 un mastodonte qu&rsquo;elle allait lui p\u00e9ter la gueule ; \u00ab d\u00e9gradations \u00bb pour avoir grav\u00e9 sur les murs de la cour \u00ab Mur par mur, pierre par pierre, nous d\u00e9truirons toutes les prisons ! \u00bb et mis le feu dans les certaines cellules dans lesquelles elle est pass\u00e9e. La procureur r\u00e9clamait la peine plancher, soit 1 an de prison ferme suppl\u00e9mentaire pour Christine<\/p>\n<p>Lire un compte-rendu de ce proc\u00e8s : <a href=\"http:\/\/rebellyon.info\/?Christine-Quelques-bribes-choisies\" target=\"_blank\">http:\/\/rebellyon.info\/?Christine-Quelques-bribes-choisies<\/a><\/p>\n<p>sur les \u00e9v\u00e8nements pr\u00e9c\u00e9dents : <a href=\"http:\/\/rebellyon.info\/Le-19-septembre-Christine-en.html\" target=\"_blank\">http:\/\/rebellyon.info\/Le-19-septembre-Christine-en.html<\/a> Jeudi 26 novembre, le d\u00e9lib\u00e9r\u00e9 est tomb\u00e9. Le tribunal a suivi de pr\u00e8s le parquet en donnant 1 an ferme dont 6 mois en sursis mise \u00e0 l&rsquo;\u00e9preuve, il ajoute \u00e9galement une amende de plusieurs centaines d&rsquo;euros pour dommages et int\u00e9r\u00eats aux matons qui avaient port\u00e9 plainte apr\u00e8s avoir cogn\u00e9 Christine (200\u20ac pour Bocquet, 300\u20ac pour Coret et encore 200\u20ac pour un troisi\u00e8me). Les conditions du sursis mise \u00e0 l&rsquo;\u00e9preuve sont l&rsquo;obligation d&rsquo;indemniser les \u00ab victimes \u00bb et une obligation de travail. Beau chantage, arrondir une fin de mois \u00e0 la matonnerie ou prendre 6 mois de plus ! Sans surprise la justice a d\u00e9fendu ses chiens de garde et rallong\u00e9 consid\u00e9rablement le peine de Christine. Avec cette nouvelle peine son hypoth\u00e9tique date de lib\u00e9ration passe \u00e0 fin 2015. \u00c0 cela s\u2019ajouter a encore un proc\u00e8s en appel \u00e0 Lyon dont il manque toujours la date. Aujourd&rsquo;hui et depuis mi-octobre, Christine est incarc\u00e9r\u00e9e au CD de R\u00e9au en banlieue parisienne. Elle est toujours en r\u00e9gime \u00ab portes ferm\u00e9es \u00bb[1] mais a pour l&rsquo;instant \u00e0 peu pr\u00e8s \u00e9vit\u00e9 la case mitard \/isolement. Elle est donc de nouveau en contact avec d&rsquo;autres d\u00e9tenues. Ce qui n&rsquo;\u00e9tait plus le cas depuis le mois de juillet (encha\u00eenement de mitard\/isolement \u00e0 Bapaume puis \u00e0 S\u00e9quedin).<\/p>\n<p>Pour lui \u00e9crire \u00e0 R\u00e9au : Christine RIBAILLY (\u00e9crou 3373) CPSF \u2013 le Plessis Picard \u2013 R\u00e9au 77558 MOISSY CRAMAYEL Cedex<\/p>\n<p>&nbsp;<\/p>\n<p>Source : http:\/\/lenvolee.net<\/p>\n<\/header>\n","protected":false},"excerpt":{"rendered":"<p>Dans le dernier num\u00e9ro du journal l&rsquo;envol\u00e9e vous trouverez des lettres envoy\u00e9es par Christine depuis les derni\u00e8res prisons o\u00f9 elle est pass\u00e9e&#8230; Mais au moment o\u00f9 nous mettions sous presse le verdict de son dernier proc\u00e8s -qui s&rsquo;\u00e9tait tenu le &hellip; <a href=\"https:\/\/contrelenfermement.noblogs.org\/?p=1540\">Continuer la lecture <span class=\"meta-nav\">&rarr;<\/span><\/a><\/p>\n","protected":false},"author":5244,"featured_media":0,"comment_status":"open","ping_status":"open","sticky":false,"template":"","format":"standard","meta":{"footnotes":""},"categories":[1050],"tags":[750,1253,1332,1331,397,241,1330,1329,350],"class_list":["post-1540","post","type-post","status-publish","format-standard","hentry","category-sur-des-proces","tag-centre-de-detention","tag-christine-ribailly","tag-le-plessis-picard","tag-moissy-cramayel","tag-parquet","tag-proces","tag-reau","tag-sequedein","tag-victimes"],"_links":{"self":[{"href":"https:\/\/contrelenfermement.noblogs.org\/index.php?rest_route=\/wp\/v2\/posts\/1540","targetHints":{"allow":["GET"]}}],"collection":[{"href":"https:\/\/contrelenfermement.noblogs.org\/index.php?rest_route=\/wp\/v2\/posts"}],"about":[{"href":"https:\/\/contrelenfermement.noblogs.org\/index.php?rest_route=\/wp\/v2\/types\/post"}],"author":[{"embeddable":true,"href":"https:\/\/contrelenfermement.noblogs.org\/index.php?rest_route=\/wp\/v2\/users\/5244"}],"replies":[{"embeddable":true,"href":"https:\/\/contrelenfermement.noblogs.org\/index.php?rest_route=%2Fwp%2Fv2%2Fcomments&post=1540"}],"version-history":[{"count":3,"href":"https:\/\/contrelenfermement.noblogs.org\/index.php?rest_route=\/wp\/v2\/posts\/1540\/revisions"}],"predecessor-version":[{"id":1543,"href":"https:\/\/contrelenfermement.noblogs.org\/index.php?rest_route=\/wp\/v2\/posts\/1540\/revisions\/1543"}],"wp:attachment":[{"href":"https:\/\/contrelenfermement.noblogs.org\/index.php?rest_route=%2Fwp%2Fv2%2Fmedia&parent=1540"}],"wp:term":[{"taxonomy":"category","embeddable":true,"href":"https:\/\/contrelenfermement.noblogs.org\/index.php?rest_route=%2Fwp%2Fv2%2Fcategories&post=1540"},{"taxonomy":"post_tag","embeddable":true,"href":"https:\/\/contrelenfermement.noblogs.org\/index.php?rest_route=%2Fwp%2Fv2%2Ftags&post=1540"}],"curies":[{"name":"wp","href":"https:\/\/api.w.org\/{rel}","templated":true}]}}