{"id":1561,"date":"2013-12-21T23:57:32","date_gmt":"2013-12-21T22:57:32","guid":{"rendered":"http:\/\/contrelenfermement.noblogs.org\/?p=1561"},"modified":"2013-12-21T23:57:32","modified_gmt":"2013-12-21T22:57:32","slug":"internet-en-prison-ou-le-droit-de-faire-des-choix","status":"publish","type":"post","link":"https:\/\/contrelenfermement.noblogs.org\/?p=1561","title":{"rendered":"Internet en prison ou le droit de faire des choix"},"content":{"rendered":"<p>Faut-il que les d\u00e9tenus aient acc\u00e8s \u00e0 Internet\u00a0? La discussion a \u00e9t\u00e9 relanc\u00e9e l\u2019an dernier, quand dans son rapport annuel, le Contr\u00f4leur g\u00e9n\u00e9ral des lieux de privations de libert\u00e9, Jean-Marie Delarue, a plaid\u00e9 pour l\u2019entr\u00e9e d\u2019Internet dans les prisons fran\u00e7aises.<\/p>\n<p>Aujourd\u2019hui, \u00e0 l\u2019exception de dix \u00e9tablissements p\u00e9nitentiaires o\u00f9 l\u2019usage est tr\u00e8s encadr\u00e9, les personnes d\u00e9tenues dans les prisons fran\u00e7aises n\u2019ont pas acc\u00e8s \u00e0 Internet. Du moins l\u00e9galement. Parce que les interdictions peuvent \u00eatre contourn\u00e9es par certains en utilisant des cl\u00e9s 3G et en se connectant via un t\u00e9l\u00e9phone. Ce qui se fait, et parfois m\u00eame avec l\u2019acceptation tacite de l\u2019administration, en particulier chez les longues peines et qui est apparu de mani\u00e8re assez rigolote il y a quelques jours quand un groupe de d\u00e9tenus de la prison de Montm\u00e9dy, dans la Meuse, qui s\u2019est notamment film\u00e9 donc <a href=\"http:\/\/www.rue89.com\/zapnet\/2013\/12\/03\/comment-detenus-ont-ils-pu-faire-harlem-shake-prison-mystere-248066\">en train de faire un Harlem Shake<\/a> dans les couloirs et a post\u00e9 la vid\u00e9o sur YouTube (m\u00eame des pages Facebook de d\u00e9tenus).<\/p>\n<h2>Aux Etats-Unis, en Norv\u00e8ge, aux Philippines&#8230;<\/h2>\n<p>Les arguments avanc\u00e9s par Jean-Marie Delarue pour justifier l\u2019Internet dans les prisons sont au moins de deux ordres\u00a0:<\/p>\n<ul>\n<li>pr\u00e9parer la r\u00e9insertion (en permettant aux d\u00e9tenus de se former, de chercher un emploi ou un logement),<\/li>\n<li>garder un lien avec les proches.<\/li>\n<\/ul>\n<p>Bien s\u00fbr, Jean-Marie Delarue, et ceux qui militent pour l\u2019Internet en prison, ne sont pas na\u00effs, cet acc\u00e8s devrait avoir lieu sous conditions\u00a0:<\/p>\n<ul>\n<li>pas forc\u00e9ment pour tous les d\u00e9tenus,<\/li>\n<li>pas forc\u00e9ment tout le temps (en installant Internet dans les salles communes par exemple),<\/li>\n<li>pas \u00e0 tous les sites.<\/li>\n<\/ul>\n<p>Et avec surveillance des e-mails et courriers.<\/p>\n<p>Il faut noter que la France ne serait pas pionni\u00e8re en la mati\u00e8re\u00a0: Internet est d\u00e9j\u00e0 autoris\u00e9, sous condition, dans la plupart des Etats am\u00e9ricains. En Norv\u00e8ge, tous les d\u00e9tenus ont acc\u00e8s \u00e0 Internet, m\u00eame dans leur chambre (des \u00ab\u00a0firewalls\u00a0\u00bb ont \u00e9t\u00e9 install\u00e9s). Aux Philippines aussi un acc\u00e8s est permis.<\/p>\n<h2>Internet, aussi un moyen de contr\u00f4le<\/h2>\n<p>Les arguments qui vont \u00e0 l\u2019encontre de cette introduction sont de divers ordres. Pour certains, c\u2019est une question de principe\u00a0: pourquoi les d\u00e9tenus pourraient-ils profiter de ce dont on profite \u00e0 l\u2019ext\u00e9rieur\u00a0? C\u2019est l\u2019argument moral. Michel Mercier, ancien ministre de la Justice sous Nicolas Sarkozy, avan\u00e7ait en son temps un argument pratique\u00a0: l\u2019absence de moyens humains et financiers pour mettre en place un contr\u00f4le efficace des communications num\u00e9riques.<\/p>\n<p>D\u2019autres arguments sont plus troublants, l\u2019un cit\u00e9 par <a href=\"http:\/\/lesdeconnectes.wordpress.com\/2012\/12\/16\/internet-sinfiltre-en-prison-2\/\" target=\"_blank\">un tr\u00e8s bon papier d\u2019une \u00e9tudiante<\/a> de l\u2019\u00e9cole de journalisme de Sciences-Po, provient de la vice-pr\u00e9sidente du Groupement \u00e9tudiant national d\u2019enseignement aux personnes incarc\u00e9r\u00e9es (Genepi), elle craint que l\u2019introduction d\u2019Internet en prison soit moins un outil am\u00e9liorant la libert\u00e9 de communication qu\u2019\u00ab\u00a0un moyen de contr\u00f4le et de gestion de la population carc\u00e9rale\u00a0\u00bb.<\/p>\n<p>Argument int\u00e9ressant parce qu\u2019il prend acte de ce que permet aussi l\u2019Internet (le contr\u00f4le) mais aussi parce qu\u2019on y retrouve ce qu\u2019on a dit de l\u2019introduction de la t\u00e9l\u00e9vision en prison (autoris\u00e9e par Robert Badinter)\u00a0: qui permet d\u2019occuper le temps, de maintenir un lien avec l\u2019ext\u00e9rieur mais qui et aussi un outil de gestion des populations.<\/p>\n<h2>Un espace o\u00f9 on exerce sa d\u00e9cision<\/h2>\n<p>Je ne pr\u00e9tends pas trancher ce d\u00e9bat, mais j\u2019ai fait r\u00e9cemment une exp\u00e9rience qui m\u2019a frapp\u00e9. Apr\u00e8s l\u2019enregistrement d\u2019une \u00e9mission, j\u2019\u00e9tais au restaurant avec un invit\u00e9, un homme impressionnant\u00a0: 52\u00a0ans, dix-sept ans de d\u00e9tention, sorti depuis douze ans. On \u00e9tait au restaurant et au moment o\u00f9 le serveur est arriv\u00e9 pour prendre la commande, j\u2019ai vu comme un voile d\u2019angoisse dans les yeux de mon invit\u00e9. Cet homme qui \u00e9tait all\u00e9 en prison pour un engagement violent certes, mais politique, qui s\u2019\u00e9tait \u00e9vad\u00e9, avait \u00e9t\u00e9 repris, qui une fois lib\u00e9r\u00e9 avait dirig\u00e9 des associations, cet homme \u00e9tait angoiss\u00e9 par une situation banale.<\/p>\n<p>Quand je lui ai demand\u00e9 ce qui se passait, il m\u2019a dit une chose que je m\u2019imaginais pas, il m\u2019a dit\u00a0:<\/p>\n<blockquote><p>\u00ab\u00a0\u00c7a fait douze ans que je suis sorti et je suis toujours incapable de choisir un plat sur une carte de restaurant, alors je choisis comme mon voisin, et c\u2019est pareil quand je dois me d\u00e9placer, prendre le train ou le m\u00e9tro.\u00a0\u00bb<\/p><\/blockquote>\n<p>Internet, ce n\u2019est pas seulement le t\u00e9l\u00e9phone ou la t\u00e9l\u00e9vision. Internet est un espace o\u00f9 on exerce sa d\u00e9cision. En permanence. Celle de cliquer ici ou l\u00e0, de chercher ceci ou cela d\u2019aller ici ou l\u00e0. Si, \u00e0 la limite, on peut admettre qu\u2019on punisse quelqu\u2019un en le privant temporairement de sa libert\u00e9, peut-on vouloir priver quelqu\u2019un de sa capacit\u00e9 \u00e0 faire des choix, m\u00eame minuscules, ad vitam\u00a0? C\u2019est peut-\u00eatre cela qu\u2019Internet pourrait \u00e9viter.<\/p>\n<address>\u00a0<\/address>\n<address>source : http:\/\/www.rue89.com\/2013\/12\/18\/internet-prison-droit-faire-choix-248425<\/address>\n<p>A VOIR : http:\/\/brunodesbaumettes.overblog.com\/internet-prison.web.html<\/p>\n","protected":false},"excerpt":{"rendered":"<p>Faut-il que les d\u00e9tenus aient acc\u00e8s \u00e0 Internet\u00a0? La discussion a \u00e9t\u00e9 relanc\u00e9e l\u2019an dernier, quand dans son rapport annuel, le Contr\u00f4leur g\u00e9n\u00e9ral des lieux de privations de libert\u00e9, Jean-Marie Delarue, a plaid\u00e9 pour l\u2019entr\u00e9e d\u2019Internet dans les prisons fran\u00e7aises. &hellip; <a href=\"https:\/\/contrelenfermement.noblogs.org\/?p=1561\">Continuer la lecture <span class=\"meta-nav\">&rarr;<\/span><\/a><\/p>\n","protected":false},"author":5244,"featured_media":0,"comment_status":"open","ping_status":"open","sticky":false,"template":"","format":"standard","meta":{"footnotes":""},"categories":[6],"tags":[1353,127,408,1352,1010],"class_list":["post-1561","post","type-post","status-publish","format-standard","hentry","category-comment-ils-nous-enferment","tag-choix","tag-droit","tag-facebook","tag-internet","tag-rue89"],"_links":{"self":[{"href":"https:\/\/contrelenfermement.noblogs.org\/index.php?rest_route=\/wp\/v2\/posts\/1561","targetHints":{"allow":["GET"]}}],"collection":[{"href":"https:\/\/contrelenfermement.noblogs.org\/index.php?rest_route=\/wp\/v2\/posts"}],"about":[{"href":"https:\/\/contrelenfermement.noblogs.org\/index.php?rest_route=\/wp\/v2\/types\/post"}],"author":[{"embeddable":true,"href":"https:\/\/contrelenfermement.noblogs.org\/index.php?rest_route=\/wp\/v2\/users\/5244"}],"replies":[{"embeddable":true,"href":"https:\/\/contrelenfermement.noblogs.org\/index.php?rest_route=%2Fwp%2Fv2%2Fcomments&post=1561"}],"version-history":[{"count":1,"href":"https:\/\/contrelenfermement.noblogs.org\/index.php?rest_route=\/wp\/v2\/posts\/1561\/revisions"}],"predecessor-version":[{"id":1562,"href":"https:\/\/contrelenfermement.noblogs.org\/index.php?rest_route=\/wp\/v2\/posts\/1561\/revisions\/1562"}],"wp:attachment":[{"href":"https:\/\/contrelenfermement.noblogs.org\/index.php?rest_route=%2Fwp%2Fv2%2Fmedia&parent=1561"}],"wp:term":[{"taxonomy":"category","embeddable":true,"href":"https:\/\/contrelenfermement.noblogs.org\/index.php?rest_route=%2Fwp%2Fv2%2Fcategories&post=1561"},{"taxonomy":"post_tag","embeddable":true,"href":"https:\/\/contrelenfermement.noblogs.org\/index.php?rest_route=%2Fwp%2Fv2%2Ftags&post=1561"}],"curies":[{"name":"wp","href":"https:\/\/api.w.org\/{rel}","templated":true}]}}