{"id":1573,"date":"2013-12-27T04:09:33","date_gmt":"2013-12-27T03:09:33","guid":{"rendered":"http:\/\/contrelenfermement.noblogs.org\/?p=1573"},"modified":"2013-12-27T04:09:33","modified_gmt":"2013-12-27T03:09:33","slug":"gtm-batiment-mandataire-du-groupement-designe-pour-le-projet-de-rehabilitation-de-la-prison-de-la-sante-a-paris","status":"publish","type":"post","link":"https:\/\/contrelenfermement.noblogs.org\/?p=1573","title":{"rendered":"GTM B\u00e2timent mandataire du groupement d\u00e9sign\u00e9 pour le projet de r\u00e9habilitation de la prison de la Sant\u00e9 \u00e0 Paris"},"content":{"rendered":"<p>&nbsp;<\/p>\n<div><img loading=\"lazy\" decoding=\"async\" alt=\"\" src=\"http:\/\/www.lemoniteur.fr\/media\/IMAGE\/2013\/12\/24\/341x505xIMAGE_20131224_23193105-380x505.jpg.pagespeed.ic.adf6tXfMYB.jpg\" width=\"341\" height=\"505\" \/><\/p>\n<address><a title=\"Agrandir la photo\" href=\"http:\/\/www.lemoniteur.fr\/media\/IMAGE\/2013\/12\/24\/IMAGE_20131224_23193105.jpg\" rel=\"AFP ImageForum &lt;br \/&gt; Portail de la prison de la Sant\u00e9 \u00e0 Paris &lt;br \/&gt; \"> <img decoding=\"async\" alt=\"Agrandir la photo\" src=\"image\/gif;base64,R0lGODlhHAAcAJEAAP\/\/\/6ykno2EewAAACH5BAAHAP8ALAAAAAAcABwAAAJrlA2py3rfonRIzOsA0nha\/XFXQC5h2AFkkC7rC7fJ6rKqrLLvzbelraPJfrNcaRj8CX3H2Q4Ji+GmiRP19EHhshbttLuhmh5hGVmMTqsZZxClWvFmRN0q3d6wcrJ3kem\/Z8fnB3cA99b3UQAAOw==\" \/> <\/a> AFP ImageForum<br \/>\nPortail de la prison de la Sant\u00e9 \u00e0 Paris<\/address>\n<\/div>\n<p>&nbsp;<\/p>\n<div>\n<p>Apr\u00e8s avis favorable de son conseil d\u2019administration r\u00e9uni le 18 d\u00e9cembre 2013, l\u2019Agence publique pour l\u2019immobilier de la Justice (Apij) a d\u00e9sign\u00e9 le groupement GTM B\u00e2timent, Gepsa et Barclays Alma Mater General Partner Ltd (BAM) dont les architectes sont les agences Pierre Vurpas &amp; Associ\u00e9s, AIA Architectes et AIA studio paysage, comme attributaire du contrat de partenariat relatif au financement, \u00e0 la r\u00e9habilitation\/reconstruction et \u00e0 l\u2019exploitation-maintenance ainsi que la fourniture de prestations de services associ\u00e9es pour la maison d\u2019arr\u00eat Paris La Sant\u00e9 (MAPLS).<\/p>\n<\/div>\n<div><\/div>\n<p>L\u2019op\u00e9ration porte sur 800 places en maison d\u2019arr\u00eat dont 100 places en quartier de semi-libert\u00e9, et sur la conception de locaux nouveaux permettant l\u2019accueil des familles et pr\u00e9parant \u00e0 la r\u00e9insertion.<\/p>\n<p>Lanc\u00e9e en 2011 dans le cadre d&rsquo;une proc\u00e9dure de dialogue comp\u00e9titif cette op\u00e9ration a \u00e9t\u00e9 confirm\u00e9e par Christiane Taubira, Garde des Sceaux, ministre de la Justice, compte tenu de l\u2019urgence et de la grande complexit\u00e9 de cette op\u00e9ration :<\/p>\n<p>\u2010 les besoins de d\u00e9tention li\u00e9s \u00e0 l\u2019activit\u00e9 du TGI de Paris et la grande v\u00e9tust\u00e9 de la maison d\u2019arr\u00eat actuelle demandent \u00e0 ce que cette op\u00e9ration soit engag\u00e9e \u00e0 court terme,<\/p>\n<p>\u2010 la tr\u00e8s grande complexit\u00e9 du programme de construction de la Sant\u00e9 donne du sens \u00e0 ce que l\u2019on confie \u00e0 un prestataire unique la conception puis l\u2019exploitation technique de l\u2019\u00e9tablissement ;<\/p>\n<p>\u2010 le dialogue comp\u00e9titif avec l\u2019ensemble des candidats a permis de concevoir des projets de qualit\u00e9, aussi bien en termes de fonctionnalit\u00e9 et de s\u00fbret\u00e9, que d\u2019architecture, d\u2019insertion urbaine et de respect du patrimoine ancien dont la conservation et la remise en valeur \u00e9taient demand\u00e9es.<\/p>\n<p><strong>Ainsi, le projet retenu propose une nouvelle qualit\u00e9 d\u2019espaces et de vie en d\u00e9tention en rupture avec l\u2019aspect actuel tr\u00e8s oppressant (&#8230;)<\/strong><\/p>\n<p>La signature du contrat de partenariat public-priv\u00e9 est pr\u00e9vue en avril 2014. Le projet laur\u00e9at et les projets en comp\u00e9tition ne pourront \u00eatre rendus publics qu\u2019apr\u00e8s la signature. Les travaux d\u00e9marreront d\u2019ici la fin de l\u2019ann\u00e9e 2014, apr\u00e8s la fermeture temporaire de l\u2019\u00e9tablissement \u00e0 compter de juillet 2014, dont seul le quartier de semi-libert\u00e9 de 100 places restera en fonctionnement pendant la dur\u00e9e du chantier.<\/p>\n<p>&nbsp;<\/p>\n<p>&nbsp;<\/p>\n<address>Source : http:\/\/www.lemoniteur.fr\/131-etat-et-collectivites\/article\/actualite\/23193158-gtm-batiment-mandataire-du-groupement-designe-pour-le-projet-de-rehabilitation-de-la-prison-de-la-sa<\/address>\n","protected":false},"excerpt":{"rendered":"<p>&nbsp; AFP ImageForum Portail de la prison de la Sant\u00e9 \u00e0 Paris &nbsp; Apr\u00e8s avis favorable de son conseil d\u2019administration r\u00e9uni le 18 d\u00e9cembre 2013, l\u2019Agence publique pour l\u2019immobilier de la Justice (Apij) a d\u00e9sign\u00e9 le groupement GTM B\u00e2timent, Gepsa &hellip; <a href=\"https:\/\/contrelenfermement.noblogs.org\/?p=1573\">Continuer la lecture <span class=\"meta-nav\">&rarr;<\/span><\/a><\/p>\n","protected":false},"author":5244,"featured_media":0,"comment_status":"open","ping_status":"open","sticky":false,"template":"","format":"standard","meta":{"footnotes":""},"categories":[6],"tags":[],"class_list":["post-1573","post","type-post","status-publish","format-standard","hentry","category-comment-ils-nous-enferment"],"_links":{"self":[{"href":"https:\/\/contrelenfermement.noblogs.org\/index.php?rest_route=\/wp\/v2\/posts\/1573","targetHints":{"allow":["GET"]}}],"collection":[{"href":"https:\/\/contrelenfermement.noblogs.org\/index.php?rest_route=\/wp\/v2\/posts"}],"about":[{"href":"https:\/\/contrelenfermement.noblogs.org\/index.php?rest_route=\/wp\/v2\/types\/post"}],"author":[{"embeddable":true,"href":"https:\/\/contrelenfermement.noblogs.org\/index.php?rest_route=\/wp\/v2\/users\/5244"}],"replies":[{"embeddable":true,"href":"https:\/\/contrelenfermement.noblogs.org\/index.php?rest_route=%2Fwp%2Fv2%2Fcomments&post=1573"}],"version-history":[{"count":1,"href":"https:\/\/contrelenfermement.noblogs.org\/index.php?rest_route=\/wp\/v2\/posts\/1573\/revisions"}],"predecessor-version":[{"id":1574,"href":"https:\/\/contrelenfermement.noblogs.org\/index.php?rest_route=\/wp\/v2\/posts\/1573\/revisions\/1574"}],"wp:attachment":[{"href":"https:\/\/contrelenfermement.noblogs.org\/index.php?rest_route=%2Fwp%2Fv2%2Fmedia&parent=1573"}],"wp:term":[{"taxonomy":"category","embeddable":true,"href":"https:\/\/contrelenfermement.noblogs.org\/index.php?rest_route=%2Fwp%2Fv2%2Fcategories&post=1573"},{"taxonomy":"post_tag","embeddable":true,"href":"https:\/\/contrelenfermement.noblogs.org\/index.php?rest_route=%2Fwp%2Fv2%2Ftags&post=1573"}],"curies":[{"name":"wp","href":"https:\/\/api.w.org\/{rel}","templated":true}]}}