{"id":1579,"date":"2014-01-03T12:31:40","date_gmt":"2014-01-03T11:31:40","guid":{"rendered":"http:\/\/contrelenfermement.noblogs.org\/?p=1579"},"modified":"2014-01-03T12:31:40","modified_gmt":"2014-01-03T11:31:40","slug":"a-conde-sur-sarthe-les-detenus-ne-pensent-qua-une-chose-fuir","status":"publish","type":"post","link":"https:\/\/contrelenfermement.noblogs.org\/?p=1579","title":{"rendered":"\u00c0 Cond\u00e9-sur-Sarthe \u00ables d\u00e9tenus ne pensent qu&rsquo;\u00e0 une chose: fuir\u00bb"},"content":{"rendered":"<div>\n<figure>INTERVIEW &#8211; Dans cette prison de haute s\u00e9curit\u00e9, les incidents se multiplient depuis l&rsquo;ouverture en mai 2013. Pour Samuel Gauthier, secr\u00e9taire r\u00e9gional adjoint de la CGT P\u00e9nitentiaire Grand-Ouest, regrouper les d\u00e9tenus \u00ables plus dangereux de France au m\u00eame endroit\u00bb \u00e9tait une mauvaise id\u00e9e.<figcaption><\/figcaption><\/figure>\n<address><strong>( Ils interview un mec d&rsquo;un syndicat&#8230; pour faire r\u00e9agir les personnes enferm\u00e9es sont contraint d&rsquo;avoir des actes dit violent de l\u00e9gitime d\u00e9fense*&#8230; parce que le jour o\u00f9 les d\u00e9tenu(e)s seront \u00e9cout\u00e9(e)s&#8230; )<\/strong><\/address>\n<\/div>\n<div><br id=\"sas_18317\" \/><\/p>\n<div>\n<div id=\"Carrousel-0\">\n<div>\n<div>\n<div id=\"sas_19567\">\n<div>\n<div>\n<div>1\/5<\/div>\n<\/div>\n<\/div>\n<\/div>\n<\/div>\n<\/div>\n<\/div>\n<\/div>\n<\/div>\n<div>\n<p>Les incidents se succ\u00e8dent \u00e0 la prison de Cond\u00e9-sur-Sarthe, pr\u00e8s d&rsquo;Alen\u00e7on (Orne). R\u00e9guliers depuis son ouverture, fin mai 2013, ils sont presque quotidiens depuis le d\u00e9but de la semaine. Lundi, un surveillant a \u00e9t\u00e9 pris en otage pendant 4 heures par deux d\u00e9tenus. Mardi et mercredi, les d\u00e9tenus ont refus\u00e9 de regagner leurs cellules \u00e0 19 heures. Mercredi toujours, un d\u00e9tenu a poursuivi un surveillant avec une barre de fer. Jeudi, <a href=\"http:\/\/www.lefigaro.fr\/flash-actu\/2014\/01\/02\/97001-20140102FILWWW00321-un-surveillant-poignarde-a-la-prison-d-alencon.php\" target=\"\">un autre surveillant a \u00e9t\u00e9 poignard\u00e9 avec une arme artisanale<\/a>.<\/p>\n<p><strong>LE FIGARO &#8211; Quel est le profil des d\u00e9tenus de la prison de Cond\u00e9-sur-Sarthe?<\/strong><\/p>\n<p><strong>Samuel GAUTHIER &#8211;<\/strong> L&rsquo;administration a souhait\u00e9 y regrouper les d\u00e9tenus les plus dangereux de France. Ils effectuent de longues peines et, pour la plupart, ont un lourd pass\u00e9 p\u00e9nitentiaire. La plupart sont transf\u00e9r\u00e9s \u00e0 pour une dur\u00e9e de 6 mois \u00e0 1 ans \u00e0 Cond\u00e9-sur-Sarthe du fait de leur attitude et de leur comportement. Une part d&rsquo;entre eux a connu la prison tr\u00e8s jeune, parfois pour des petites condamnations. Mais ils ont cumul\u00e9 les peines en milieu carc\u00e9ral, 5 ans par ci, 5 ans par l\u00e0. Ils ont multipli\u00e9 les agressions sur les surveillants. Du coup, certains ont jusqu&rsquo;\u00e0 25 voire 30 ans \u00e0 faire. Cette prison est faite pour les recadrer. Il y a en ce moment 55 d\u00e9tenus.<\/p>\n<p><strong>Comment a \u00e9t\u00e9 con\u00e7u l&rsquo;\u00e9tablissement?<\/strong><\/p>\n<p>Cette prison a \u00e9t\u00e9 pens\u00e9e dans un but tout s\u00e9curitaire, avec beaucoup moins d&rsquo;humain que dans les autres. Elle a \u00e9t\u00e9 con\u00e7ue pour que les contacts avec les surveillants soient r\u00e9duits au minimum. Il y a beaucoup de b\u00e9ton, un minimum de fen\u00eatres et de lumi\u00e8re ext\u00e9rieure afin d&rsquo;\u00e9viter toute \u00e9vasion.<\/p>\n<p><strong>Comment expliquer la succession d&rsquo;\u00e9v\u00e8nements depuis l&rsquo;ouverture?<\/strong><\/p>\n<p>Tout d&rsquo;abord par le recrutement. Sur les 220 surveillants de l&rsquo;\u00e9tablissement, un peu plus de 90 sont de jeunes professionnels sans exp\u00e9rience, tout juste sortis de l&rsquo;\u00e9cole.<\/p>\n<p>Ensuite, la direction n&rsquo;a peut-\u00eatre pas pris les bonnes d\u00e9cisions. Si elle a commenc\u00e9 \u00e0 serrer la vis, elle a depuis l\u00e2ch\u00e9 la bride pour \u00e9viter qu&rsquo;il y ait trop de probl\u00e8mes \u00e0 l&rsquo;int\u00e9rieur. Il ne faut pas qu&rsquo;il y ait le feu dans cet \u00e9tablissement tout neuf. Les d\u00e9tenus se sont alors rendus compte qu&rsquo;ils pouvaient mettre la pression sur l&rsquo;administration et influencer la gestion de leur d\u00e9tention. C&rsquo;est visible avec ce refus de r\u00e9int\u00e9grer les cellules. Les d\u00e9tenus ont connu d&rsquo;autres maisons centrales, o\u00f9 ils pouvaient se d\u00e9placer plus librement, avec une certaine autonomie. Comme c&rsquo;est une prison s\u00e9curitaire, le choix a \u00e9t\u00e9 fait de laisser les cellules ferm\u00e9es, d&rsquo;o\u00f9 ce mouvement d&rsquo;humeur.<\/p>\n<p>Comme l&rsquo;\u00e9tablissement est con\u00e7u pour les recadrer, il y a donc une certaine animosit\u00e9 de leur part, d\u00e8s qu&rsquo;ils arrivent. Ensuite, ils ne sont pas originaires d&rsquo;Alen\u00e7on et sont donc loin de leur famille, ce qui n&rsquo;arrange pas les choses. R\u00e9sultat, ils ne pensent qu&rsquo;\u00e0 une seule chose: fuir cet \u00e9tablissement. Tous les moyens sont bons. Par exemple, les deux preneurs d&rsquo;otage de lundi: l&rsquo;un d&rsquo;entre eux a \u00e9t\u00e9 plac\u00e9, suite \u00e0 son action, \u00e0 la prison de Rennes, \u00e0 l&rsquo;isolement. M\u00e9content d&rsquo;\u00eatre l\u00e0, il a menac\u00e9 de faire une nouvelle prise d&rsquo;otage pour qu&rsquo;on le change \u00e0 nouveau de prison! Bref, ils ont quitt\u00e9 Cond\u00e9, ils ont r\u00e9ussi \u00e0 le faire, ils peuvent de nouveau r\u00e9ussir en reproduisant leur geste. C&rsquo;est une dangereuse spirale.<\/p>\n<p><strong>Comment faire changer la situation?<\/strong><\/p>\n<p>Nous pensons qu&rsquo;il faut qu&rsquo;il y ait une perspective de sortie ou de r\u00e9insertion pour les d\u00e9tenus, m\u00eame si ces derniers effectuent des longues peines. Ou qu&rsquo;ils puissent travailler, pour les faire penser \u00e0 autre chose. Il faut \u00e9galement y mettre les moyens, financiers et humains, une cinquantaine de personnes en plus, si l&rsquo;on veut garder ensemble ce type de d\u00e9tenus. Mais le mieux serait d&rsquo;\u00e9viter de mettre tous les d\u00e9tenus les plus difficiles de France au m\u00eame endroit.<\/p>\n<p>&nbsp;<\/p>\n<address>source : http:\/\/www.lefigaro.fr\/actualite-france\/2014\/01\/02\/01016-20140102ARTFIG00394&#8211;conde-sur-sarthe-les-detenus-ne-pensent-qu-a-une-chose-fuir.php<\/address>\n<address>\u00a0<\/address>\n<address><strong>* voir : http:\/\/www.lefigaro.fr\/flash-actu\/2014\/01\/02\/97001-20140102FILWWW00321-un-surveillant-poignarde-a-la-prison-d-alencon.php<\/strong><\/address>\n<\/div>\n","protected":false},"excerpt":{"rendered":"<p>INTERVIEW &#8211; Dans cette prison de haute s\u00e9curit\u00e9, les incidents se multiplient depuis l&rsquo;ouverture en mai 2013. Pour Samuel Gauthier, secr\u00e9taire r\u00e9gional adjoint de la CGT P\u00e9nitentiaire Grand-Ouest, regrouper les d\u00e9tenus \u00ables plus dangereux de France au m\u00eame endroit\u00bb \u00e9tait &hellip; <a href=\"https:\/\/contrelenfermement.noblogs.org\/?p=1579\">Continuer la lecture <span class=\"meta-nav\">&rarr;<\/span><\/a><\/p>\n","protected":false},"author":5244,"featured_media":0,"comment_status":"open","ping_status":"open","sticky":false,"template":"","format":"standard","meta":{"footnotes":""},"categories":[6],"tags":[1366,1365,16],"class_list":["post-1579","post","type-post","status-publish","format-standard","hentry","category-comment-ils-nous-enferment","tag-alencon","tag-conde-sur-sarthre","tag-violence"],"_links":{"self":[{"href":"https:\/\/contrelenfermement.noblogs.org\/index.php?rest_route=\/wp\/v2\/posts\/1579","targetHints":{"allow":["GET"]}}],"collection":[{"href":"https:\/\/contrelenfermement.noblogs.org\/index.php?rest_route=\/wp\/v2\/posts"}],"about":[{"href":"https:\/\/contrelenfermement.noblogs.org\/index.php?rest_route=\/wp\/v2\/types\/post"}],"author":[{"embeddable":true,"href":"https:\/\/contrelenfermement.noblogs.org\/index.php?rest_route=\/wp\/v2\/users\/5244"}],"replies":[{"embeddable":true,"href":"https:\/\/contrelenfermement.noblogs.org\/index.php?rest_route=%2Fwp%2Fv2%2Fcomments&post=1579"}],"version-history":[{"count":2,"href":"https:\/\/contrelenfermement.noblogs.org\/index.php?rest_route=\/wp\/v2\/posts\/1579\/revisions"}],"predecessor-version":[{"id":1581,"href":"https:\/\/contrelenfermement.noblogs.org\/index.php?rest_route=\/wp\/v2\/posts\/1579\/revisions\/1581"}],"wp:attachment":[{"href":"https:\/\/contrelenfermement.noblogs.org\/index.php?rest_route=%2Fwp%2Fv2%2Fmedia&parent=1579"}],"wp:term":[{"taxonomy":"category","embeddable":true,"href":"https:\/\/contrelenfermement.noblogs.org\/index.php?rest_route=%2Fwp%2Fv2%2Fcategories&post=1579"},{"taxonomy":"post_tag","embeddable":true,"href":"https:\/\/contrelenfermement.noblogs.org\/index.php?rest_route=%2Fwp%2Fv2%2Ftags&post=1579"}],"curies":[{"name":"wp","href":"https:\/\/api.w.org\/{rel}","templated":true}]}}