{"id":1582,"date":"2014-01-06T15:00:41","date_gmt":"2014-01-06T14:00:41","guid":{"rendered":"http:\/\/contrelenfermement.noblogs.org\/?p=1582"},"modified":"2014-01-06T15:00:41","modified_gmt":"2014-01-06T14:00:41","slug":"depart-de-feu-dans-la-prison-pour-femmes-a-lonay-suisse","status":"publish","type":"post","link":"https:\/\/contrelenfermement.noblogs.org\/?p=1582","title":{"rendered":"D\u00e9part de feu dans la prison pour femmes \u00e0 Lonay ( suisse )"},"content":{"rendered":"<p>Un \u00e9tage du secteur f\u00e9minin de la prison a d\u00fb \u00eatre \u00e9vacu\u00e9 dimanche apr\u00e8s-midi suite \u00e0 un incendie dans une salle commune<\/p>\n<div id=\"inlineGallery_132817\">\n<div id=\"inlineGalleryPic_132817\"><img decoding=\"async\" id=\"articlefeature\" alt=\"\" src=\"http:\/\/files.newsnetz.ch\/bildlegende\/132817\/1639869_pic_970x641.jpg\" \/><\/div>\n<div id=\"contentbox\">\n<p>1\/3 Une vingtaine de prisonni\u00e8res ont \u00e9t\u00e9 intoxiqu\u00e9es par la fum\u00e9e, dimanche apr\u00e8s-midi \u00e0 la Tuili\u00e8re.<\/p>\n<p>Dimanche vers 14h30, un \u00e9tage de la prison de Lonay a d\u00fb \u00eatre \u00e9vacu\u00e9 apr\u00e8s un d\u00e9but d&rsquo;incendie qui a caus\u00e9 un important d\u00e9gagement de fum\u00e9e. Le sinistre s&rsquo;est d\u00e9clar\u00e9 dans une salle commune du secteur f\u00e9minin de l&rsquo;\u00e9tablissement de d\u00e9tention.<\/p>\n<\/div>\n<\/div>\n<p>Selon la police cantonale, 11 d\u00e9tenues et 5 surveillants ont \u00e9t\u00e9 intoxiqu\u00e9s par la fum\u00e9e. L\u2019incendie a \u00e9t\u00e9 provoqu\u00e9 intentionnellement ou non, par une d\u00e9tenue. A la suite du sinistre, plusieurs d\u2019entre elles ont \u00e9t\u00e9 d\u00e9plac\u00e9es, le temps d\u2019a\u00e9rer leurs cellules.<\/p>\n<p>A noter encore que les pompiers s\u2019\u00e9taient d\u00e9j\u00e0 rendu sur place dans la matin\u00e9e. D\u00e8s 9h30, des t\u00e9moins ont vu pompiers et policiers prendre position autour de la prison. \u00abIl s\u2019agit d\u2019une fausse alarme, les deux interventions n\u2019ont strictement rien \u00e0 voir l\u2019une avec l\u2019autre. Ce n\u2019est que le hasard\u00bb, assure le commissaire adjoint.<\/p>\n<p>La prison de la Tuili\u00e8re dispose de deux secteurs, l&rsquo;un pour les hommes (d\u00e9tention provisoire) et l&rsquo;autre pour les femmes (tous les r\u00e9gimes de d\u00e9tention).<\/p>\n<address>Source : http:\/\/www.24heures.ch\/vaud-regions\/la-cote\/depart-feu-prison-tuiliere-lonay\/story\/24995346<\/address>\n","protected":false},"excerpt":{"rendered":"<p>Un \u00e9tage du secteur f\u00e9minin de la prison a d\u00fb \u00eatre \u00e9vacu\u00e9 dimanche apr\u00e8s-midi suite \u00e0 un incendie dans une salle commune 1\/3 Une vingtaine de prisonni\u00e8res ont \u00e9t\u00e9 intoxiqu\u00e9es par la fum\u00e9e, dimanche apr\u00e8s-midi \u00e0 la Tuili\u00e8re. Dimanche vers &hellip; <a href=\"https:\/\/contrelenfermement.noblogs.org\/?p=1582\">Continuer la lecture <span class=\"meta-nav\">&rarr;<\/span><\/a><\/p>\n","protected":false},"author":5244,"featured_media":0,"comment_status":"open","ping_status":"open","sticky":false,"template":"","format":"standard","meta":{"footnotes":""},"categories":[68],"tags":[392,390,428,465,1368,1369,1367,15,1370],"class_list":["post-1582","post","type-post","status-publish","format-standard","hentry","category-actualites-informations","tag-detenue","tag-femme","tag-feu","tag-incendie","tag-intention","tag-la-tuiliere","tag-lonay","tag-prison","tag-secteurs"],"_links":{"self":[{"href":"https:\/\/contrelenfermement.noblogs.org\/index.php?rest_route=\/wp\/v2\/posts\/1582","targetHints":{"allow":["GET"]}}],"collection":[{"href":"https:\/\/contrelenfermement.noblogs.org\/index.php?rest_route=\/wp\/v2\/posts"}],"about":[{"href":"https:\/\/contrelenfermement.noblogs.org\/index.php?rest_route=\/wp\/v2\/types\/post"}],"author":[{"embeddable":true,"href":"https:\/\/contrelenfermement.noblogs.org\/index.php?rest_route=\/wp\/v2\/users\/5244"}],"replies":[{"embeddable":true,"href":"https:\/\/contrelenfermement.noblogs.org\/index.php?rest_route=%2Fwp%2Fv2%2Fcomments&post=1582"}],"version-history":[{"count":1,"href":"https:\/\/contrelenfermement.noblogs.org\/index.php?rest_route=\/wp\/v2\/posts\/1582\/revisions"}],"predecessor-version":[{"id":1583,"href":"https:\/\/contrelenfermement.noblogs.org\/index.php?rest_route=\/wp\/v2\/posts\/1582\/revisions\/1583"}],"wp:attachment":[{"href":"https:\/\/contrelenfermement.noblogs.org\/index.php?rest_route=%2Fwp%2Fv2%2Fmedia&parent=1582"}],"wp:term":[{"taxonomy":"category","embeddable":true,"href":"https:\/\/contrelenfermement.noblogs.org\/index.php?rest_route=%2Fwp%2Fv2%2Fcategories&post=1582"},{"taxonomy":"post_tag","embeddable":true,"href":"https:\/\/contrelenfermement.noblogs.org\/index.php?rest_route=%2Fwp%2Fv2%2Ftags&post=1582"}],"curies":[{"name":"wp","href":"https:\/\/api.w.org\/{rel}","templated":true}]}}