{"id":1586,"date":"2014-01-07T18:43:57","date_gmt":"2014-01-07T17:43:57","guid":{"rendered":"http:\/\/contrelenfermement.noblogs.org\/?p=1586"},"modified":"2014-01-07T18:43:57","modified_gmt":"2014-01-07T17:43:57","slug":"alencon-agression-au-poincon-envers-le-surveillant-3-ans-de-prison","status":"publish","type":"post","link":"https:\/\/contrelenfermement.noblogs.org\/?p=1586","title":{"rendered":"(Alen\u00e7on) Agression au poin\u00e7on envers le surveillant : 3 ans de prison"},"content":{"rendered":"<p>Le d\u00e9tenu qui avait agress\u00e9 le surveillant \u00e0 coups de poin\u00e7on, le 2 janvier, au centre p\u00e9nitentiaire de Alen\u00e7on-Cond\u00e9-sur-Sarthe, a \u00e9t\u00e9 condamn\u00e9 \u00e0 3 ans de prison suppl\u00e9mentaires.<\/p>\n<div>\n<div>\n<p>Le minist\u00e8re public avait requis 5\u00a0ans de prison face au casier judiciaire du pr\u00e9venu et aux nombreux incidents provoqu\u00e9s en d\u00e9tention. (&#8230;)<\/p>\n<p>&nbsp;<\/p>\n<address>Source : http:\/\/www.ouest-france.fr\/alencon-agression-au-poincon-envers-le-surveillant-3-ans-de-prison-1836745<\/address>\n<\/div>\n<\/div>\n","protected":false},"excerpt":{"rendered":"<p>Le d\u00e9tenu qui avait agress\u00e9 le surveillant \u00e0 coups de poin\u00e7on, le 2 janvier, au centre p\u00e9nitentiaire de Alen\u00e7on-Cond\u00e9-sur-Sarthe, a \u00e9t\u00e9 condamn\u00e9 \u00e0 3 ans de prison suppl\u00e9mentaires. Le minist\u00e8re public avait requis 5\u00a0ans de prison face au casier judiciaire &hellip; <a href=\"https:\/\/contrelenfermement.noblogs.org\/?p=1586\">Continuer la lecture <span class=\"meta-nav\">&rarr;<\/span><\/a><\/p>\n","protected":false},"author":5244,"featured_media":0,"comment_status":"open","ping_status":"open","sticky":false,"template":"","format":"standard","meta":{"footnotes":""},"categories":[6],"tags":[1372,1373],"class_list":["post-1586","post","type-post","status-publish","format-standard","hentry","category-comment-ils-nous-enferment","tag-alencon-conde-sur-sarthe","tag-poincon"],"_links":{"self":[{"href":"https:\/\/contrelenfermement.noblogs.org\/index.php?rest_route=\/wp\/v2\/posts\/1586","targetHints":{"allow":["GET"]}}],"collection":[{"href":"https:\/\/contrelenfermement.noblogs.org\/index.php?rest_route=\/wp\/v2\/posts"}],"about":[{"href":"https:\/\/contrelenfermement.noblogs.org\/index.php?rest_route=\/wp\/v2\/types\/post"}],"author":[{"embeddable":true,"href":"https:\/\/contrelenfermement.noblogs.org\/index.php?rest_route=\/wp\/v2\/users\/5244"}],"replies":[{"embeddable":true,"href":"https:\/\/contrelenfermement.noblogs.org\/index.php?rest_route=%2Fwp%2Fv2%2Fcomments&post=1586"}],"version-history":[{"count":1,"href":"https:\/\/contrelenfermement.noblogs.org\/index.php?rest_route=\/wp\/v2\/posts\/1586\/revisions"}],"predecessor-version":[{"id":1587,"href":"https:\/\/contrelenfermement.noblogs.org\/index.php?rest_route=\/wp\/v2\/posts\/1586\/revisions\/1587"}],"wp:attachment":[{"href":"https:\/\/contrelenfermement.noblogs.org\/index.php?rest_route=%2Fwp%2Fv2%2Fmedia&parent=1586"}],"wp:term":[{"taxonomy":"category","embeddable":true,"href":"https:\/\/contrelenfermement.noblogs.org\/index.php?rest_route=%2Fwp%2Fv2%2Fcategories&post=1586"},{"taxonomy":"post_tag","embeddable":true,"href":"https:\/\/contrelenfermement.noblogs.org\/index.php?rest_route=%2Fwp%2Fv2%2Ftags&post=1586"}],"curies":[{"name":"wp","href":"https:\/\/api.w.org\/{rel}","templated":true}]}}