{"id":1602,"date":"2014-01-17T14:09:14","date_gmt":"2014-01-17T13:09:14","guid":{"rendered":"http:\/\/contrelenfermement.noblogs.org\/?p=1602"},"modified":"2014-01-17T14:09:14","modified_gmt":"2014-01-17T13:09:14","slug":"mort-suspecte-au-centre-de-detention-de-zurich-suisse","status":"publish","type":"post","link":"https:\/\/contrelenfermement.noblogs.org\/?p=1602","title":{"rendered":"Mort suspecte au centre de d\u00e9tention de Zurich (suisse)"},"content":{"rendered":"<p>Un homme de 39 ans a \u00e9t\u00e9 d\u00e9couvert mort \u00e0 Zurich dans une cellule du centre de d\u00e9tention de la police cantonale.<\/p>\n<p><img decoding=\"async\" id=\"articlefeature\" alt=\"Un d\u00e9tenu se serait donn\u00e9 la mort dans un centre de d\u00e9tention de la police zurichoise.\" src=\"http:\/\/files.newsnetz.ch\/story\/1\/4\/3\/14394076\/4\/topelement.jpg\" \/><\/p>\n<p>Des employ\u00e9s de la prison ont d\u00e9couvert mardi vers 16h30 le corps inanim\u00e9 de l&rsquo;homme d\u00e9tenu dans sa cellule. Relay\u00e9s par le personnel sanitaire, ils n&rsquo;ont pas r\u00e9ussi \u00e0 le r\u00e9animer. La piste du suicide est privil\u00e9gi\u00e9e. Il n&rsquo;existe aucun signe de l&rsquo;intervention d&rsquo;un tiers dans la mort du prisonnier, indique mercredi la police zurichoise.<\/p>\n<p><strong>Le prisonnier, qui serait de nationalit\u00e9 alg\u00e9rienne, se trouvait en d\u00e9tention pr\u00e9ventive pour violence et menace contre fonctionnaire. Il devait \u00eatre transf\u00e9r\u00e9 dans les prochains jours pour ex\u00e9cuter sa peine de mani\u00e8re anticip\u00e9e<\/strong>.<\/p>\n<p>&nbsp;<\/p>\n<address>Source : http:\/\/www.lematin.ch\/suisse\/faits-divers\/Suicide-probable-dans-une-cellule-de-la-police-zurichoise\/story\/14394076<\/address>\n","protected":false},"excerpt":{"rendered":"<p>Un homme de 39 ans a \u00e9t\u00e9 d\u00e9couvert mort \u00e0 Zurich dans une cellule du centre de d\u00e9tention de la police cantonale. Des employ\u00e9s de la prison ont d\u00e9couvert mardi vers 16h30 le corps inanim\u00e9 de l&rsquo;homme d\u00e9tenu dans sa &hellip; <a href=\"https:\/\/contrelenfermement.noblogs.org\/?p=1602\">Continuer la lecture <span class=\"meta-nav\">&rarr;<\/span><\/a><\/p>\n","protected":false},"author":5244,"featured_media":0,"comment_status":"open","ping_status":"open","sticky":false,"template":"","format":"standard","meta":{"footnotes":""},"categories":[10],"tags":[750,422,1388],"class_list":["post-1602","post","type-post","status-publish","format-standard","hentry","category-ils-ont-ete-tues","tag-centre-de-detention","tag-suisse","tag-zurich"],"_links":{"self":[{"href":"https:\/\/contrelenfermement.noblogs.org\/index.php?rest_route=\/wp\/v2\/posts\/1602","targetHints":{"allow":["GET"]}}],"collection":[{"href":"https:\/\/contrelenfermement.noblogs.org\/index.php?rest_route=\/wp\/v2\/posts"}],"about":[{"href":"https:\/\/contrelenfermement.noblogs.org\/index.php?rest_route=\/wp\/v2\/types\/post"}],"author":[{"embeddable":true,"href":"https:\/\/contrelenfermement.noblogs.org\/index.php?rest_route=\/wp\/v2\/users\/5244"}],"replies":[{"embeddable":true,"href":"https:\/\/contrelenfermement.noblogs.org\/index.php?rest_route=%2Fwp%2Fv2%2Fcomments&post=1602"}],"version-history":[{"count":1,"href":"https:\/\/contrelenfermement.noblogs.org\/index.php?rest_route=\/wp\/v2\/posts\/1602\/revisions"}],"predecessor-version":[{"id":1603,"href":"https:\/\/contrelenfermement.noblogs.org\/index.php?rest_route=\/wp\/v2\/posts\/1602\/revisions\/1603"}],"wp:attachment":[{"href":"https:\/\/contrelenfermement.noblogs.org\/index.php?rest_route=%2Fwp%2Fv2%2Fmedia&parent=1602"}],"wp:term":[{"taxonomy":"category","embeddable":true,"href":"https:\/\/contrelenfermement.noblogs.org\/index.php?rest_route=%2Fwp%2Fv2%2Fcategories&post=1602"},{"taxonomy":"post_tag","embeddable":true,"href":"https:\/\/contrelenfermement.noblogs.org\/index.php?rest_route=%2Fwp%2Fv2%2Ftags&post=1602"}],"curies":[{"name":"wp","href":"https:\/\/api.w.org\/{rel}","templated":true}]}}