{"id":1604,"date":"2014-01-16T14:10:04","date_gmt":"2014-01-16T13:10:04","guid":{"rendered":"http:\/\/contrelenfermement.noblogs.org\/?p=1604"},"modified":"2014-01-17T14:11:49","modified_gmt":"2014-01-17T13:11:49","slug":"rodez-condamnes-pour-rebellion-contre-la-police","status":"publish","type":"post","link":"https:\/\/contrelenfermement.noblogs.org\/?p=1604","title":{"rendered":"(Rodez) Condamn\u00e9s pour r\u00e9bellion contre la police"},"content":{"rendered":"<h1>Comparutions imm\u00e9diates<\/h1>\n<div>\n<p>Hier, R.F., 29 ans et J.D., 28 ans \u00e9taient jug\u00e9s en comparution imm\u00e9diate. Les deux amis, bien connus des services de police ont un parcours assez similaire, ils sont sortis il y a pr\u00e8s d\u2019un an de prison. \u00abVous \u00eates ensemble dans la d\u00e9linquance depuis presque dix ans\u00bb, souligne la pr\u00e9sidente du tribunal, Florence Peybernes.<\/p>\n<p>Toxicomanes, sous traitement de substitution, plusieurs fois condamn\u00e9s pour des faits de violence en r\u00e9union, de vol, pour usage et d\u00e9tention de stup\u00e9fiants, les deux hommes se sont retrouv\u00e9s le 10 janvier dernier pour passer un moment ensemble. Ils ne s\u2019\u00e9taient pas vus depuis deux ans.<\/p>\n<p>Ils se font interpeller par deux policiers ruth\u00e9nois, \u00e0 16 h 30, \u00e0 <a href=\"http:\/\/www.ladepeche.fr\/communes\/rodez,12202.html\">Rodez<\/a> alors que R.F., au volant de la voiture de son grand-p\u00e8re, ne poss\u00e8de pas le permis de conduire et a consomm\u00e9 de la drogue. Au moment de l\u2019arrestation, l\u2019homme panique tr\u00e8s vite et a de suite peur de retourner en prison. J.D. d\u00e9cide de s\u2019interposer, pour \u00abd\u00e9fendre son copain\u00bb.<\/p>\n<h2>De la prison mais sans mandat de d\u00e9p\u00f4t<\/h2>\n<p><strong>Aucune insulte, aucun outrage n\u2019est retenu contre les deux hommes, seulement des faits de r\u00e9bellion.<\/strong> Pour autant, le substitut du procureur, Antoine Wolff demande un renvoi en prison avec mandat de d\u00e9p\u00f4t et rappelle qu\u2019ils sont \u00abimperm\u00e9ables \u00e0 la loi\u00bb et qu\u2019ils ont commis en dix ans toutes les infractions courantes. \u00abIls sont incapables de comprendre qu\u2019ils n\u2019ont plus le droit \u00e0 l\u2019erreur et qu\u2019ils ont d\u00e9j\u00e0 b\u00e9n\u00e9fici\u00e9 de tout ce que contient le code p\u00e9nal pour \u00e9viter la prison\u00bb.<\/p>\n<p>Depuis leur sortie de prison en d\u00e9but d\u2019ann\u00e9e 2013 \u00e0 cette journ\u00e9e du 10 janvier 2014, R.F. et J.D. s\u2019\u00e9taient montr\u00e9s irr\u00e9prochables, ils ont suivi des formations, le premier dans l\u2019informatique et le second dans le b\u00e2timent. R.F n\u2019avait pas touch\u00e9 \u00e0 la drogue depuis cinq ans. \u00abIl se bat contre ses d\u00e9mons, contre son pass\u00e9 depuis un an. On peut parler de \u00abr\u00e9bellion contenue\u00bb dans cette affaire, il n\u2019y a pas eu d\u2019outrage\u00bb, insiste l\u2019avocat de la d\u00e9fense, Annabel Montels.<\/p>\n<p>Les deux hommes ont \u00e9chapp\u00e9 au mandat de d\u00e9p\u00f4t. R.F. a \u00e9t\u00e9 condamn\u00e9 \u00e0 six mois d\u2019emprisonnement ferme et J.D., \u00e0 quatre mois d\u2019emprisonnement ferme. Ils sont ressortis libres du tribunal et seront convoqu\u00e9s dans le cadre d\u2019un am\u00e9nagement de peine.<\/p>\n<p>&nbsp;<\/p>\n<address>Source : http:\/\/www.ladepeche.fr\/article\/2014\/01\/16\/1795271-rodez-deux-hommes-condamnes-pour-des-faits-de-rebellion.html<\/address>\n<\/div>\n","protected":false},"excerpt":{"rendered":"<p>Comparutions imm\u00e9diates Hier, R.F., 29 ans et J.D., 28 ans \u00e9taient jug\u00e9s en comparution imm\u00e9diate. Les deux amis, bien connus des services de police ont un parcours assez similaire, ils sont sortis il y a pr\u00e8s d\u2019un an de prison. &hellip; <a href=\"https:\/\/contrelenfermement.noblogs.org\/?p=1604\">Continuer la lecture <span class=\"meta-nav\">&rarr;<\/span><\/a><\/p>\n","protected":false},"author":5244,"featured_media":0,"comment_status":"open","ping_status":"open","sticky":false,"template":"","format":"standard","meta":{"footnotes":""},"categories":[6],"tags":[],"class_list":["post-1604","post","type-post","status-publish","format-standard","hentry","category-comment-ils-nous-enferment"],"_links":{"self":[{"href":"https:\/\/contrelenfermement.noblogs.org\/index.php?rest_route=\/wp\/v2\/posts\/1604","targetHints":{"allow":["GET"]}}],"collection":[{"href":"https:\/\/contrelenfermement.noblogs.org\/index.php?rest_route=\/wp\/v2\/posts"}],"about":[{"href":"https:\/\/contrelenfermement.noblogs.org\/index.php?rest_route=\/wp\/v2\/types\/post"}],"author":[{"embeddable":true,"href":"https:\/\/contrelenfermement.noblogs.org\/index.php?rest_route=\/wp\/v2\/users\/5244"}],"replies":[{"embeddable":true,"href":"https:\/\/contrelenfermement.noblogs.org\/index.php?rest_route=%2Fwp%2Fv2%2Fcomments&post=1604"}],"version-history":[{"count":1,"href":"https:\/\/contrelenfermement.noblogs.org\/index.php?rest_route=\/wp\/v2\/posts\/1604\/revisions"}],"predecessor-version":[{"id":1605,"href":"https:\/\/contrelenfermement.noblogs.org\/index.php?rest_route=\/wp\/v2\/posts\/1604\/revisions\/1605"}],"wp:attachment":[{"href":"https:\/\/contrelenfermement.noblogs.org\/index.php?rest_route=%2Fwp%2Fv2%2Fmedia&parent=1604"}],"wp:term":[{"taxonomy":"category","embeddable":true,"href":"https:\/\/contrelenfermement.noblogs.org\/index.php?rest_route=%2Fwp%2Fv2%2Fcategories&post=1604"},{"taxonomy":"post_tag","embeddable":true,"href":"https:\/\/contrelenfermement.noblogs.org\/index.php?rest_route=%2Fwp%2Fv2%2Ftags&post=1604"}],"curies":[{"name":"wp","href":"https:\/\/api.w.org\/{rel}","templated":true}]}}