{"id":163,"date":"2012-05-10T16:36:17","date_gmt":"2012-05-10T14:36:17","guid":{"rendered":"http:\/\/contrelenfermement.noblogs.org\/?p=163"},"modified":"2012-05-10T16:36:17","modified_gmt":"2012-05-10T14:36:17","slug":"x-envoye-en-centre-de-retention-en-sortant-de-lhopital","status":"publish","type":"post","link":"https:\/\/contrelenfermement.noblogs.org\/?p=163","title":{"rendered":"X., envoy\u00e9 en centre de r\u00e9tention en sortant de l\u2019h\u00f4pital"},"content":{"rendered":"<p>Etre en r\u00e9tention n\u2019est pas marrant en soi. Mais s\u2019y trouver en sortant de l\u2019h\u00f4pital, op\u00e9r\u00e9 suite \u00e0 une vert\u00e8bre bris\u00e9e et une greffe osseuse est encore plus d\u00e9licat. Pas de chocs, pas de d\u00e9placements rapides, pas de bousculades&#8230; Compliqu\u00e9 dans un centre de r\u00e9tention de remplir ces consid\u00e9rations m\u00e9dicales.\u00a0 X. est arriv\u00e9 apr\u00e8s avoir \u00e9t\u00e9 interpell\u00e9 au guichet de la pr\u00e9fecture o\u00f9 il venait demander le renouvellement de son r\u00e9c\u00e9piss\u00e9. Il ne savait pas qu\u2019une obligation de quitter le territoire fran\u00e7ais (OQTF) avait \u00e9t\u00e9 prise contre lui. Parent d\u2019un enfant fran\u00e7ais, payant chaque mois la pension alimentaire \u00e0 la m\u00e8re, accident\u00e9 du travail, il n\u2019aurait song\u00e9 un seul instant \u00eatre ainsi conduit manu miliatri dans un centre de r\u00e9tention en attente de son \u00e9loignement. Impossibilit\u00e9 de le reconduire dans son pays\u00a0 Les points de suture n\u2019\u00e9taient pas encore enlev\u00e9s qu\u2019il arrivait au centre. Deux heures apr\u00e8s, le m\u00e9decin inspecteur de sant\u00e9 publique attestait de l\u2019impossibilit\u00e9 de le reconduire dans son pays d\u2019origine. D\u00e9cision rapide, urgente, sans appel.\u00a0 Et pourtant&#8230; Vendredi en fin d\u2019apr\u00e8s-midi, la r\u00e9tention se poursuivait. Samedi, malgr\u00e9 les relances t\u00e9l\u00e9phoniques \u00e0 la Pr\u00e9fecture, X \u00e9tait toujours enferm\u00e9. Dimanche, idem. Lundi, la pr\u00e9fecture annonce son refus de le lib\u00e9rer.\u00a0 Requ\u00eate en urgence aupr\u00e8s du juge des libert\u00e9s qui s\u2019auto-saisit de la situation :\u00a0\u00a0\u00a0\u00a0\u00a0 \u00ab [&#8230;]<\/p>\n<p>Attendu qu\u2019en d\u00e9pit d\u2019une demande r\u00e9it\u00e9r\u00e9e \u00e0 l\u2019audience, Monsieur le Pr\u00e9fet n\u2019a pas communiqu\u00e9 au juge des libert\u00e9s et de la d\u00e9tention (JLD) le certificat dress\u00e9 par le m\u00e9decin de l\u2019ARS dont le retenu d\u00e9clare qu\u2019il contiendrait un avis d\u00e9favorable \u00e0 l\u2019\u00e9loignement de l\u2019int\u00e9ress\u00e9 en raison de l\u2019impossibilit\u00e9 pour celui-ci d\u2019obtenir les soins que n\u00e9cessite son \u00e9tat de sant\u00e9&#8230;\u00a0\u00a0\u00a0\u00a0\u00a0 Une telle carence prive le JLD, gardien des libert\u00e9s individuelles, de la possibilit\u00e9 de v\u00e9rifier imm\u00e9diatement si le m\u00e9decin de l\u2019ARS a \u00e9mis ou non un avis d\u00e9favorable&#8230; \u00bb\u00a0 X. est lib\u00e9r\u00e9, apr\u00e8s plusieurs jours de risques inutiles et un incompr\u00e9hensible refus de l\u2019administration de fournir au juge ledit certificat m\u00e9dical.<\/p>\n<p>&nbsp;<\/p>\n<p>source : rue 89\/A. Lombre\/travailleur en r\u00e9tention<\/p>\n","protected":false},"excerpt":{"rendered":"<p>Etre en r\u00e9tention n\u2019est pas marrant en soi. Mais s\u2019y trouver en sortant de l\u2019h\u00f4pital, op\u00e9r\u00e9 suite \u00e0 une vert\u00e8bre bris\u00e9e et une greffe osseuse est encore plus d\u00e9licat. Pas de chocs, pas de d\u00e9placements rapides, pas de bousculades&#8230; Compliqu\u00e9 &hellip; <a href=\"https:\/\/contrelenfermement.noblogs.org\/?p=163\">Continuer la lecture <span class=\"meta-nav\">&rarr;<\/span><\/a><\/p>\n","protected":false},"author":5244,"featured_media":0,"comment_status":"open","ping_status":"open","sticky":false,"template":"","format":"standard","meta":{"footnotes":""},"categories":[7],"tags":[122,123],"class_list":["post-163","post","type-post","status-publish","format-standard","hentry","category-centres-de-retention","tag-retention","tag-rue-89"],"_links":{"self":[{"href":"https:\/\/contrelenfermement.noblogs.org\/index.php?rest_route=\/wp\/v2\/posts\/163","targetHints":{"allow":["GET"]}}],"collection":[{"href":"https:\/\/contrelenfermement.noblogs.org\/index.php?rest_route=\/wp\/v2\/posts"}],"about":[{"href":"https:\/\/contrelenfermement.noblogs.org\/index.php?rest_route=\/wp\/v2\/types\/post"}],"author":[{"embeddable":true,"href":"https:\/\/contrelenfermement.noblogs.org\/index.php?rest_route=\/wp\/v2\/users\/5244"}],"replies":[{"embeddable":true,"href":"https:\/\/contrelenfermement.noblogs.org\/index.php?rest_route=%2Fwp%2Fv2%2Fcomments&post=163"}],"version-history":[{"count":2,"href":"https:\/\/contrelenfermement.noblogs.org\/index.php?rest_route=\/wp\/v2\/posts\/163\/revisions"}],"predecessor-version":[{"id":165,"href":"https:\/\/contrelenfermement.noblogs.org\/index.php?rest_route=\/wp\/v2\/posts\/163\/revisions\/165"}],"wp:attachment":[{"href":"https:\/\/contrelenfermement.noblogs.org\/index.php?rest_route=%2Fwp%2Fv2%2Fmedia&parent=163"}],"wp:term":[{"taxonomy":"category","embeddable":true,"href":"https:\/\/contrelenfermement.noblogs.org\/index.php?rest_route=%2Fwp%2Fv2%2Fcategories&post=163"},{"taxonomy":"post_tag","embeddable":true,"href":"https:\/\/contrelenfermement.noblogs.org\/index.php?rest_route=%2Fwp%2Fv2%2Ftags&post=163"}],"curies":[{"name":"wp","href":"https:\/\/api.w.org\/{rel}","templated":true}]}}