{"id":1654,"date":"2014-03-15T11:34:17","date_gmt":"2014-03-15T10:34:17","guid":{"rendered":"http:\/\/contrelenfermement.noblogs.org\/?p=1654"},"modified":"2014-03-17T11:36:35","modified_gmt":"2014-03-17T10:36:35","slug":"archive-radio-le-collectif-face-aux-armes-de-la-police-police-justice","status":"publish","type":"post","link":"https:\/\/contrelenfermement.noblogs.org\/?p=1654","title":{"rendered":"Archive radio: Le collectif Face aux armes de la police\/ Police\/ justice"},"content":{"rendered":"<p>1. Le collectif, son geste politique et la proc\u00e9dure au Tribunal administratif contre les blessures au flashball et les grenades.<br \/>\n2. A partir de 27\u201932. L\u2019avocat Etienne No\u00ebl sur la proc\u00e9dure dans son aspect technique.<br \/>\n3. A partir de 38\u201930. T\u00e9moignage d\u2019un ancien d\u00e9tenu qui a men\u00e9 au sein m\u00eame des prisons et avec d\u2019autres d\u00e9tenus ce genre de proc\u00e9dure sur les conditions carc\u00e9rales, et sur ce que \u00e7a a rendu possible.<\/p>\n<p><a href=\"http:\/\/faceauxarmesdelapolice.wordpress.com\/2014\/03\/15\/radio-klaxon-fevrier\" target=\"_blank\">http:\/\/faceauxarmesdelapolice.wordpress.com\/2014\/03\/15\/radio-klaxon-fevrier<\/a><\/p>\n","protected":false},"excerpt":{"rendered":"<p>1. Le collectif, son geste politique et la proc\u00e9dure au Tribunal administratif contre les blessures au flashball et les grenades. 2. A partir de 27\u201932. L\u2019avocat Etienne No\u00ebl sur la proc\u00e9dure dans son aspect technique. 3. A partir de 38\u201930. &hellip; <a href=\"https:\/\/contrelenfermement.noblogs.org\/?p=1654\">Continuer la lecture <span class=\"meta-nav\">&rarr;<\/span><\/a><\/p>\n","protected":false},"author":5244,"featured_media":0,"comment_status":"open","ping_status":"open","sticky":false,"template":"","format":"standard","meta":{"footnotes":""},"categories":[240],"tags":[1385,75,1428,1425,64,1427,1426],"class_list":["post-1654","post","type-post","status-publish","format-standard","hentry","category-sons","tag-armes","tag-detenus","tag-etienne-noel","tag-klaxon","tag-police","tag-procedures","tag-zad"],"_links":{"self":[{"href":"https:\/\/contrelenfermement.noblogs.org\/index.php?rest_route=\/wp\/v2\/posts\/1654","targetHints":{"allow":["GET"]}}],"collection":[{"href":"https:\/\/contrelenfermement.noblogs.org\/index.php?rest_route=\/wp\/v2\/posts"}],"about":[{"href":"https:\/\/contrelenfermement.noblogs.org\/index.php?rest_route=\/wp\/v2\/types\/post"}],"author":[{"embeddable":true,"href":"https:\/\/contrelenfermement.noblogs.org\/index.php?rest_route=\/wp\/v2\/users\/5244"}],"replies":[{"embeddable":true,"href":"https:\/\/contrelenfermement.noblogs.org\/index.php?rest_route=%2Fwp%2Fv2%2Fcomments&post=1654"}],"version-history":[{"count":1,"href":"https:\/\/contrelenfermement.noblogs.org\/index.php?rest_route=\/wp\/v2\/posts\/1654\/revisions"}],"predecessor-version":[{"id":1655,"href":"https:\/\/contrelenfermement.noblogs.org\/index.php?rest_route=\/wp\/v2\/posts\/1654\/revisions\/1655"}],"wp:attachment":[{"href":"https:\/\/contrelenfermement.noblogs.org\/index.php?rest_route=%2Fwp%2Fv2%2Fmedia&parent=1654"}],"wp:term":[{"taxonomy":"category","embeddable":true,"href":"https:\/\/contrelenfermement.noblogs.org\/index.php?rest_route=%2Fwp%2Fv2%2Fcategories&post=1654"},{"taxonomy":"post_tag","embeddable":true,"href":"https:\/\/contrelenfermement.noblogs.org\/index.php?rest_route=%2Fwp%2Fv2%2Ftags&post=1654"}],"curies":[{"name":"wp","href":"https:\/\/api.w.org\/{rel}","templated":true}]}}