{"id":1660,"date":"2014-03-19T10:48:47","date_gmt":"2014-03-19T09:48:47","guid":{"rendered":"http:\/\/contrelenfermement.noblogs.org\/?p=1660"},"modified":"2014-03-19T10:48:47","modified_gmt":"2014-03-19T09:48:47","slug":"projection-discussion-femmes-enfermees","status":"publish","type":"post","link":"https:\/\/contrelenfermement.noblogs.org\/?p=1660","title":{"rendered":"Projection \/ discussion  \u00ab Femmes enferm\u00e9es \u00bb"},"content":{"rendered":"<p><strong>Titre: <\/strong>Projection \/ discussion  \u00ab Femmes enferm\u00e9es \u00bb<br \/><strong>Lieu: <\/strong>Squat le dilengo ( Ivry )<br \/><strong>Lien vers: <\/strong><a href=\"http:\/\/squatdilengo.wordpress.com\/2014\/03\/13\/\" target=\"_blanck\">Cliquer ici<\/a><br \/><strong>Description: <\/strong>\u00ab Femmes enferm\u00e9es \u00bb<\/p>\n<p>Un groupe d&rsquo;\u00e9tudiantEs intervenant avec le GENEPI* dans les prisons nous a propos\u00e9 d&rsquo;animer une discussion sur l&rsquo;enfermement des femmes, et plus largement sur la (sur)vie carc\u00e9rale, \u00e0 partir d&rsquo;un film court, \u00ab\u00a0Situation oblige\u00a0\u00bb, dans lequel des femmes incarc\u00e9r\u00e9es \u00e0 Fleury pr\u00e9sentent un objet de leur vie en prison et, par ce biais, leurs conditions de d\u00e9tention.<\/p>\n<p>Sans pr\u00e9juger de ce que sera le d\u00e9bat, parce qu&rsquo;on voudrait qu&rsquo;il donne lieu \u00e0 une v\u00e9ritable discussion libre, on s&rsquo;est dit que ce serait dans tous les cas une bonne occasion de confronter nos visions respectives de la condition des femmes en ta\u00fble.<\/p>\n<p>On en profite pour rappeler que les copain\/ines de Soledad et Associ\u00e9-e-s ont r\u00e9\u00e9dit\u00e9 en novembre 2013 leur excellent guide \u00e0 l&rsquo;usage des proches de personnes incarc\u00e9r\u00e9es : http:\/\/permisdevisite.noblogs.org\/<\/p>\n<p>Egalement, que les copain\/ines de l&rsquo;Envol\u00e9e en sont \u00e0 la 38\u00e8me \u00e9dition de leur journal : http:\/\/lenvolee.net\/<\/p>\n<p>* Le GENEPI se d\u00e9finit lui-m\u00eame comme une association estudiantine qui se donne pour but d&rsquo;\u0153uvrer en faveur du d\u00e9cloisonnement des institutions carc\u00e9rales par la circulation des savoirs entre les personnes incarc\u00e9r\u00e9es, ses b\u00e9n\u00e9voles et la soci\u00e9t\u00e9. Cet engagement va de pair avec une conscience militante des enjeux politiques li\u00e9s \u00e0 la justice et au syst\u00e8me p\u00e9nitentiaire fran\u00e7ais.<\/p>\n<p>http:\/\/squatdilengo.files.wordpress.com\/2014\/03\/affiche_genepi_femmesenfermees.jpg<\/p>\n<p>Lien : http:\/\/paris.demosphere.eu\/rv\/31951<br \/>\nSource : http:\/\/squatdilengo.wordpress.com\/2014\/03\/13\/<br \/><strong>Heure d\u00e9but: <\/strong>17:00<br \/><strong>Date: <\/strong>2014-03-22<\/p>\n","protected":false},"excerpt":{"rendered":"<p>Titre: Projection \/ discussion \u00ab Femmes enferm\u00e9es \u00bbLieu: Squat le dilengo ( Ivry )Lien vers: Cliquer iciDescription: \u00ab Femmes enferm\u00e9es \u00bb Un groupe d&rsquo;\u00e9tudiantEs intervenant avec le GENEPI* dans les prisons nous a propos\u00e9 d&rsquo;animer une discussion sur l&rsquo;enfermement des &hellip; <a href=\"https:\/\/contrelenfermement.noblogs.org\/?p=1660\">Continuer la lecture <span class=\"meta-nav\">&rarr;<\/span><\/a><\/p>\n","protected":false},"author":5244,"featured_media":0,"comment_status":"open","ping_status":"open","sticky":false,"template":"","format":"standard","meta":{"footnotes":""},"categories":[1],"tags":[],"class_list":["post-1660","post","type-post","status-publish","format-standard","hentry","category-general"],"_links":{"self":[{"href":"https:\/\/contrelenfermement.noblogs.org\/index.php?rest_route=\/wp\/v2\/posts\/1660","targetHints":{"allow":["GET"]}}],"collection":[{"href":"https:\/\/contrelenfermement.noblogs.org\/index.php?rest_route=\/wp\/v2\/posts"}],"about":[{"href":"https:\/\/contrelenfermement.noblogs.org\/index.php?rest_route=\/wp\/v2\/types\/post"}],"author":[{"embeddable":true,"href":"https:\/\/contrelenfermement.noblogs.org\/index.php?rest_route=\/wp\/v2\/users\/5244"}],"replies":[{"embeddable":true,"href":"https:\/\/contrelenfermement.noblogs.org\/index.php?rest_route=%2Fwp%2Fv2%2Fcomments&post=1660"}],"version-history":[{"count":0,"href":"https:\/\/contrelenfermement.noblogs.org\/index.php?rest_route=\/wp\/v2\/posts\/1660\/revisions"}],"wp:attachment":[{"href":"https:\/\/contrelenfermement.noblogs.org\/index.php?rest_route=%2Fwp%2Fv2%2Fmedia&parent=1660"}],"wp:term":[{"taxonomy":"category","embeddable":true,"href":"https:\/\/contrelenfermement.noblogs.org\/index.php?rest_route=%2Fwp%2Fv2%2Fcategories&post=1660"},{"taxonomy":"post_tag","embeddable":true,"href":"https:\/\/contrelenfermement.noblogs.org\/index.php?rest_route=%2Fwp%2Fv2%2Ftags&post=1660"}],"curies":[{"name":"wp","href":"https:\/\/api.w.org\/{rel}","templated":true}]}}