{"id":1662,"date":"2014-03-25T11:11:52","date_gmt":"2014-03-25T10:11:52","guid":{"rendered":"http:\/\/contrelenfermement.noblogs.org\/?p=1662"},"modified":"2014-03-25T11:11:52","modified_gmt":"2014-03-25T10:11:52","slug":"conference-lexpression-collective-en-prison-rendre-la-parole-aux-personnes-incarcerees","status":"publish","type":"post","link":"https:\/\/contrelenfermement.noblogs.org\/?p=1662","title":{"rendered":"Conf\u00e9rence &#8211; L&rsquo;expression collective en prison : rendre la parole aux personnes incarc\u00e9r\u00e9es"},"content":{"rendered":"<p><strong>Titre: <\/strong> Conf\u00e9rence &#8211; L&rsquo;expression collective en prison : rendre la parole aux personnes incarc\u00e9r\u00e9es<br \/><strong>Lieu: <\/strong>salle Monnerville du \u00ab\u00a0Palais du Luxembourg\u00a0\u00bb (15 rue de Vaugirard, 75 006 Paris)<br \/><strong>Lien vers: <\/strong><a href=\"https:\/\/www.facebook.com\/events\/364426837033097\/\" target=\"_blanck\">Cliquer ici<\/a><br \/><strong>Description: <\/strong>Dans le cadre de son Printemps des Prisons sur le droit d&rsquo;expression des personnes d\u00e9tenues du 1er au 12 avril, le Genepi \u00cele-de-France organise une conf\u00e9rence ouverte \u00e0 tous sur \u00ab\u00a0L&rsquo;expression collective en prison : rendre la parole aux personnes incarc\u00e9r\u00e9es\u00a0\u00bb le mardi 8 avril 2014 de 17h00 \u00e0 19h00<\/p>\n<p>INSCRIPTION OBLIGATOIRE (gratuit)<br \/>\nhttps:\/\/docs.google.com\/forms\/d\/1YdtpgXMNXkRA4QUgLeZssUUaP7PB5NkUUd4-rhqFGrs\/viewform<\/p>\n<p>Interviendront<\/p>\n<p>Jacques LESAGE DE LA HAYE, un des fondateurs de l&rsquo;Association syndicale des prisonniers de France<br \/>\npour la m\u00e9moire sociale d&rsquo;une parole collective<\/p>\n<p>C\u00e9cile BRUNET-LUDET, magistrate, anciennement r\u00e9f\u00e9rente \u00e0 la DAP (direction de l&rsquo;administration p\u00e9nitentiaire)<br \/>\ndans le cadre d&rsquo;une mission sur l&rsquo;expression collective des personnes d\u00e9tenues<\/p>\n<p>Fran\u00e7ois BES, d\u00e9l\u00e9gu\u00e9 \u00cele-de-France de l&rsquo;Observatoire International des Prisons<\/p>\n<p>C\u00e9dric TOLLEY, sociologue, animateur, membre de la cellule de communication sociopolitique de l&rsquo;association Bruxelles La\u00efque<\/p>\n<p>(Genepi Ile de france )<br \/><strong>Heure d\u00e9but: <\/strong>17:00<br \/><strong>Date: <\/strong>2014-03-08<br \/><strong>Heure fin: <\/strong>19:00<\/p>\n","protected":false},"excerpt":{"rendered":"<p>Titre: Conf\u00e9rence &#8211; L&rsquo;expression collective en prison : rendre la parole aux personnes incarc\u00e9r\u00e9esLieu: salle Monnerville du \u00ab\u00a0Palais du Luxembourg\u00a0\u00bb (15 rue de Vaugirard, 75 006 Paris)Lien vers: Cliquer iciDescription: Dans le cadre de son Printemps des Prisons sur le &hellip; <a href=\"https:\/\/contrelenfermement.noblogs.org\/?p=1662\">Continuer la lecture <span class=\"meta-nav\">&rarr;<\/span><\/a><\/p>\n","protected":false},"author":5244,"featured_media":0,"comment_status":"open","ping_status":"open","sticky":false,"template":"","format":"standard","meta":{"footnotes":""},"categories":[1],"tags":[],"class_list":["post-1662","post","type-post","status-publish","format-standard","hentry","category-general"],"_links":{"self":[{"href":"https:\/\/contrelenfermement.noblogs.org\/index.php?rest_route=\/wp\/v2\/posts\/1662","targetHints":{"allow":["GET"]}}],"collection":[{"href":"https:\/\/contrelenfermement.noblogs.org\/index.php?rest_route=\/wp\/v2\/posts"}],"about":[{"href":"https:\/\/contrelenfermement.noblogs.org\/index.php?rest_route=\/wp\/v2\/types\/post"}],"author":[{"embeddable":true,"href":"https:\/\/contrelenfermement.noblogs.org\/index.php?rest_route=\/wp\/v2\/users\/5244"}],"replies":[{"embeddable":true,"href":"https:\/\/contrelenfermement.noblogs.org\/index.php?rest_route=%2Fwp%2Fv2%2Fcomments&post=1662"}],"version-history":[{"count":0,"href":"https:\/\/contrelenfermement.noblogs.org\/index.php?rest_route=\/wp\/v2\/posts\/1662\/revisions"}],"wp:attachment":[{"href":"https:\/\/contrelenfermement.noblogs.org\/index.php?rest_route=%2Fwp%2Fv2%2Fmedia&parent=1662"}],"wp:term":[{"taxonomy":"category","embeddable":true,"href":"https:\/\/contrelenfermement.noblogs.org\/index.php?rest_route=%2Fwp%2Fv2%2Fcategories&post=1662"},{"taxonomy":"post_tag","embeddable":true,"href":"https:\/\/contrelenfermement.noblogs.org\/index.php?rest_route=%2Fwp%2Fv2%2Ftags&post=1662"}],"curies":[{"name":"wp","href":"https:\/\/api.w.org\/{rel}","templated":true}]}}