{"id":1667,"date":"2014-03-26T10:50:30","date_gmt":"2014-03-26T09:50:30","guid":{"rendered":"http:\/\/contrelenfermement.noblogs.org\/?p=1667"},"modified":"2014-03-26T10:50:30","modified_gmt":"2014-03-26T09:50:30","slug":"proces-de-amal-bentounsi-attaquee-par-le-ministere-de-linterieur-pour-difflamation-contre-la-police","status":"publish","type":"post","link":"https:\/\/contrelenfermement.noblogs.org\/?p=1667","title":{"rendered":"Proc\u00e8s de Amal Bentounsi attaqu\u00e9e par le minist\u00e8re de l&rsquo;int\u00e9rieur pour difflamation contre la police"},"content":{"rendered":"<p><strong>Titre: <\/strong>Proc\u00e8s de Amal Bentounsi attaqu\u00e9e par le minist\u00e8re de l&rsquo;int\u00e9rieur pour difflamation contre la police<br \/><strong>Lieu: <\/strong>palais de justice de paris, M\u00b0 Cit\u00e9<br \/><strong>Lien vers: <\/strong><a href=\"http:\/\/www.urgence-notre-police-assassine.fr\/\" target=\"_blanck\">Cliquer ici<\/a><br \/><strong>Description: <\/strong>Le ministre de l&rsquo;int\u00e9rieur a port\u00e9 plainte, contre Amal Bentounsi pour un clip vid\u00e9o qui a pour titre \u00ab\u00a0outrage et r\u00e9bellion\u00a0\u00bb http:\/\/www.urgence-notre-police-assassine.fr\/123663578 <\/p>\n<p>Son fr\u00e8re Amine Bentounsi a \u00e9t\u00e9 tu\u00e9 d&rsquo;une balle dans le dos par un policier de Noisy le sec qui est mis en examen pour homicide volontaire; en attendant son proc\u00e8s il est libre et continu a percevoir son salaire.<\/p>\n<p>Amal Bentounsi invite toute les familles de victimes et collectifs a prendre la parole lors de son proc\u00e8s, ce sera une v\u00e9ritable tribune pour toutes ces affaires de meurtres commis par la police, pour raconter leur histoire et faire en sorte d&rsquo;\u00eatre visible et unis face a cette omerta qui prot\u00e8ge la police.<br \/>\n<br \/><strong>Heure d\u00e9but: <\/strong>09:00<br \/><strong>Date: <\/strong>2014-04-07<br \/><strong>Heure fin: <\/strong>15:00<\/p>\n","protected":false},"excerpt":{"rendered":"<p>Titre: Proc\u00e8s de Amal Bentounsi attaqu\u00e9e par le minist\u00e8re de l&rsquo;int\u00e9rieur pour difflamation contre la policeLieu: palais de justice de paris, M\u00b0 Cit\u00e9Lien vers: Cliquer iciDescription: Le ministre de l&rsquo;int\u00e9rieur a port\u00e9 plainte, contre Amal Bentounsi pour un clip vid\u00e9o &hellip; <a href=\"https:\/\/contrelenfermement.noblogs.org\/?p=1667\">Continuer la lecture <span class=\"meta-nav\">&rarr;<\/span><\/a><\/p>\n","protected":false},"author":5244,"featured_media":0,"comment_status":"open","ping_status":"open","sticky":false,"template":"","format":"standard","meta":{"footnotes":""},"categories":[1],"tags":[],"class_list":["post-1667","post","type-post","status-publish","format-standard","hentry","category-general"],"_links":{"self":[{"href":"https:\/\/contrelenfermement.noblogs.org\/index.php?rest_route=\/wp\/v2\/posts\/1667","targetHints":{"allow":["GET"]}}],"collection":[{"href":"https:\/\/contrelenfermement.noblogs.org\/index.php?rest_route=\/wp\/v2\/posts"}],"about":[{"href":"https:\/\/contrelenfermement.noblogs.org\/index.php?rest_route=\/wp\/v2\/types\/post"}],"author":[{"embeddable":true,"href":"https:\/\/contrelenfermement.noblogs.org\/index.php?rest_route=\/wp\/v2\/users\/5244"}],"replies":[{"embeddable":true,"href":"https:\/\/contrelenfermement.noblogs.org\/index.php?rest_route=%2Fwp%2Fv2%2Fcomments&post=1667"}],"version-history":[{"count":0,"href":"https:\/\/contrelenfermement.noblogs.org\/index.php?rest_route=\/wp\/v2\/posts\/1667\/revisions"}],"wp:attachment":[{"href":"https:\/\/contrelenfermement.noblogs.org\/index.php?rest_route=%2Fwp%2Fv2%2Fmedia&parent=1667"}],"wp:term":[{"taxonomy":"category","embeddable":true,"href":"https:\/\/contrelenfermement.noblogs.org\/index.php?rest_route=%2Fwp%2Fv2%2Fcategories&post=1667"},{"taxonomy":"post_tag","embeddable":true,"href":"https:\/\/contrelenfermement.noblogs.org\/index.php?rest_route=%2Fwp%2Fv2%2Ftags&post=1667"}],"curies":[{"name":"wp","href":"https:\/\/api.w.org\/{rel}","templated":true}]}}