{"id":1671,"date":"2014-04-03T18:13:57","date_gmt":"2014-04-03T17:13:57","guid":{"rendered":"http:\/\/contrelenfermement.noblogs.org\/?p=1671"},"modified":"2014-04-03T18:13:57","modified_gmt":"2014-04-03T17:13:57","slug":"petition-lettre-a-mr-valls-abandonnez-les-poursuites-contre-amal-la-soeur-dune-victime-de-crime-policier","status":"publish","type":"post","link":"https:\/\/contrelenfermement.noblogs.org\/?p=1671","title":{"rendered":"Petition\/ lettre \u00e0 Mr Valls \u00a0\u00bb Abandonnez les poursuites contre Amal, la soeur d&rsquo;une victime de crime policier\u00a0\u00bb"},"content":{"rendered":"<p><a name=\"share_pane\"><\/a><\/p>\n<div>\n<div>\n<div>\n<div>\n<div>\n<div>\n<p><em>Le 21 avril 2012, Amine Bentounsi tombait sous la balle d&rsquo;un policier, re\u00e7ue dans le dos. Le 7 avril 2014, \u00e0 9h00, ce n&rsquo;est pas le tireur qui se trouvera devant le juge \u00e0 la 17\u00e8me chambre du Tribunal de Grande Instance de Paris, mais la s\u0153ur du d\u00e9funt, Amal.\u00a0<\/em><\/p>\n<p><strong>Outr\u00e9e par l&rsquo;impunit\u00e9 qui m\u00e8ne chaque ann\u00e9e ce genre d&rsquo;incidents \u00e0 des non-lieu (<a href=\"http:\/\/www.amnesty.fr\/AI-en-action\/Violences\/Mauvais-traitements\/Presentation\/Violences-policieres-France\" target=\"_blank\" rel=\"nofollow\">lire ici le rapport d&rsquo;Amnesty<\/a>), Amal d\u00e9nonce la complicit\u00e9 des institutions polici\u00e8res<\/strong>\u00a0qui ont amen\u00e9 m\u00e9caniquement \u00e0 ce que son fr\u00e8re re\u00e7oive une balle dans le dos.<\/p>\n<p>Ne pouvant censurer son\u00a0<a href=\"http:\/\/www.urgence-notre-police-assassine.fr\/\" target=\"_blank\" rel=\"nofollow\">site internet<\/a>,\u00a0<strong>Manuel Valls, alors ministre de l&rsquo;Int\u00e9rieur, a choisi de l&rsquo;attaquer pour un\u00a0<a href=\"http:\/\/www.urgence-notre-police-assassine.fr\/123663578\" target=\"_blank\" rel=\"nofollow\">clip consid\u00e9r\u00e9 diffamatoire<\/a><\/strong>\u00a0parce qu&rsquo;il d\u00e9tourne une campagne de recrutement de la police, appelant ceux qui veulent commettre des crimes en toute impunit\u00e9 \u00e0 postuler.<\/p>\n<p>Moi-m\u00eame fr\u00e8re d&rsquo;une autre victime de crime policier, je ne peux que comprendre la peine d&rsquo;Amal, sa rage, sa douleur. Mon fr\u00e8re Wissam a \u00e9t\u00e9 battu \u00e0 mort par 25 policiers la nuit de la Saint Sylvestre, il y a plus de 2 ans. C&rsquo;est seulement aujourd&rsquo;hui qu&rsquo;un de ces policiers a \u00e9t\u00e9 mis en examen. Il y a de quoi devenir fou.<\/p>\n<p>Ce qui est reproch\u00e9 \u00e0 Amal est de ne pas se taire.<\/p>\n<p>Mais comment se taire lorsque les droits d&rsquo;un proche tomb\u00e9 ne sont pas reconnus, et qu&rsquo;il ne peut plus se d\u00e9fendre ?<\/p>\n<p><strong>Comment se taire lorsque l&rsquo;institution polici\u00e8re laisse chaque ann\u00e9e passer ces assassinats (<a href=\"http:\/\/www.bastamag.net\/Homicides-accidents-malaises\" target=\"_blank\" rel=\"nofollow\">lire l&rsquo;article de Basta mag<\/a>) ?<\/strong><\/p>\n<p>Comment se taire lorsque tout le monde se tait ?<\/p>\n<p>Monsieur Valls, au lieu de vous atteler \u00e0 pr\u00e9venir les citoyens des abus de criminels, vous avez choisi de c\u00e9der aux pressions des syndicats policiers. En attaquant Amal, vous trahissez les votes qui vous ont mis l\u00e0 o\u00f9 vous \u00eates, vous trahissez votre mission de d\u00e9fendre les droits du peuple, les droits de l&rsquo;Homme.<\/p>\n<p><strong>Museler Amal, c&rsquo;est museler non seulement un cri de douleur mais aussi un cri d&rsquo;alerte, l\u00e9gitime, essentiel.<\/strong>\u00a0C&rsquo;est m\u00e9priser le vivre ensemble \u00e9galitaire et l&rsquo;Etat de droit. C&rsquo;est museler le peuple, lorsqu&rsquo;il ne fait en r\u00e9alit\u00e9 que vous appeller au secours.<\/p>\n<p>D\u00e9fendre Amal est notre devoir. La prot\u00e9ger est le v\u00f4tre.<\/p>\n<p><strong>Monsieur Valls, abandonnez vos poursuites contre Amal Bentounsi. Ce n&rsquo;est pas une criminelle. C&rsquo;est une victime collat\u00e9rale d&rsquo;un crime policier.<\/strong><\/p>\n<p>https:\/\/www.change.org\/fr\/p%C3%A9titions\/manuel-valls-abandonnez-les-poursuites-contre-amal-la-soeur-d-une-victime-de-crime-policier<\/p>\n<p>&nbsp;<\/p>\n<\/div>\n<\/div>\n<\/div>\n<\/div>\n<\/div>\n<\/div>\n","protected":false},"excerpt":{"rendered":"<p>Le 21 avril 2012, Amine Bentounsi tombait sous la balle d&rsquo;un policier, re\u00e7ue dans le dos. Le 7 avril 2014, \u00e0 9h00, ce n&rsquo;est pas le tireur qui se trouvera devant le juge \u00e0 la 17\u00e8me chambre du Tribunal de &hellip; <a href=\"https:\/\/contrelenfermement.noblogs.org\/?p=1671\">Continuer la lecture <span class=\"meta-nav\">&rarr;<\/span><\/a><\/p>\n","protected":false},"author":5244,"featured_media":0,"comment_status":"open","ping_status":"open","sticky":false,"template":"","format":"standard","meta":{"footnotes":""},"categories":[204],"tags":[136,1439,1438,1440,1441,393,1444,1442,1443,600],"class_list":["post-1671","post","type-post","status-publish","format-standard","hentry","category-appel-a-soutien","tag-amal","tag-amine","tag-bentounsi","tag-collaterale","tag-crime","tag-criminelle","tag-just","tag-policier","tag-poursuites","tag-valls"],"_links":{"self":[{"href":"https:\/\/contrelenfermement.noblogs.org\/index.php?rest_route=\/wp\/v2\/posts\/1671","targetHints":{"allow":["GET"]}}],"collection":[{"href":"https:\/\/contrelenfermement.noblogs.org\/index.php?rest_route=\/wp\/v2\/posts"}],"about":[{"href":"https:\/\/contrelenfermement.noblogs.org\/index.php?rest_route=\/wp\/v2\/types\/post"}],"author":[{"embeddable":true,"href":"https:\/\/contrelenfermement.noblogs.org\/index.php?rest_route=\/wp\/v2\/users\/5244"}],"replies":[{"embeddable":true,"href":"https:\/\/contrelenfermement.noblogs.org\/index.php?rest_route=%2Fwp%2Fv2%2Fcomments&post=1671"}],"version-history":[{"count":1,"href":"https:\/\/contrelenfermement.noblogs.org\/index.php?rest_route=\/wp\/v2\/posts\/1671\/revisions"}],"predecessor-version":[{"id":1672,"href":"https:\/\/contrelenfermement.noblogs.org\/index.php?rest_route=\/wp\/v2\/posts\/1671\/revisions\/1672"}],"wp:attachment":[{"href":"https:\/\/contrelenfermement.noblogs.org\/index.php?rest_route=%2Fwp%2Fv2%2Fmedia&parent=1671"}],"wp:term":[{"taxonomy":"category","embeddable":true,"href":"https:\/\/contrelenfermement.noblogs.org\/index.php?rest_route=%2Fwp%2Fv2%2Fcategories&post=1671"},{"taxonomy":"post_tag","embeddable":true,"href":"https:\/\/contrelenfermement.noblogs.org\/index.php?rest_route=%2Fwp%2Fv2%2Ftags&post=1671"}],"curies":[{"name":"wp","href":"https:\/\/api.w.org\/{rel}","templated":true}]}}