{"id":1736,"date":"2014-08-01T14:53:16","date_gmt":"2014-08-01T13:53:16","guid":{"rendered":"http:\/\/contrelenfermement.noblogs.org\/?p=1736"},"modified":"2014-08-01T15:22:43","modified_gmt":"2014-08-01T14:22:43","slug":"valenciennes-un-detenu-retrouve-mort-dans-sa-cellule-30-07-2014","status":"publish","type":"post","link":"https:\/\/contrelenfermement.noblogs.org\/?p=1736","title":{"rendered":"Prison de Valenciennes ( 30.07.2014 ) : un d\u00e9tenu retrouv\u00e9 mort dans sa cellule"},"content":{"rendered":"<p style=\"margin: 10px 0px;font-family: 'Helvetica Neue',Helvetica,Arial,sans-serif;font-weight: bold;line-height: 1.8rem;color: #04619d;font-size: 1.6rem;font-style: normal;font-variant: normal;letter-spacing: normal;text-indent: 0px;background-color: #ffffff\">\n<p style=\"padding: 2px;border: 1px solid #e1e1e1;float: none;margin: 0px auto 15px;color: #333333;font-family: 'Helvetica Neue',Helvetica,Arial,sans-serif;font-size: 14px;font-style: normal;font-variant: normal;font-weight: normal;letter-spacing: normal;line-height: 20px;text-indent: 0px;background-color: #ffffff\"><img loading=\"lazy\" decoding=\"async\" class=\"imagecache imagecache-vdn_photo_principale_article\" style=\"height: auto;vertical-align: middle;border: 0px;width: 610px\" title=\"\" src=\"http:\/\/static2.lavoixdunord.net\/sites\/default\/files\/imagecache\/vdn_photo_principale_article\/articles\/ophotos\/20140730\/631255337_B973254411Z.1_20140730231538_000_GC92TD90E.1-0.jpg\" alt=\"&lt;br \/&gt;\nC\u2019est \u00e0 la maison d\u2019arr\u00eat de Valenciennes que le corps sans vie d\u2019un jeune d\u00e9tenu a \u00e9t\u00e9 d\u00e9couvert ce mercredi matin. PHOTO BRUNO.FAVA.&lt;\/p&gt;\n&lt;p&gt;VDNPQR&lt;br \/&gt;\n\" width=\"589\" height=\"321\" \/><span class=\"fn\">PHOTO BRUNO.FAVA.<\/span><\/p>\n<p>Triste d\u00e9couverte que celle qui a \u00e9t\u00e9 r\u00e9alis\u00e9e ce mercredi matin \u00e0 la maison d\u2019arr\u00eat de Valenciennes.<\/p>\n<p>Vers 11heures du matin, le corps sans vie d\u2019un jeune d\u00e9tenu de 30ans a \u00e9t\u00e9 d\u00e9couvert dans sa cellule.<\/p>\n<p>Il \u00e9tait incarc\u00e9r\u00e9 \u00e0 la maison d\u2019arr\u00eat de Valenciennes depuis le 14 juillet \u00ab<span class=\"Apple-converted-space\">\u00a0<\/span><i>dans le cadre de deux peines d\u2019emprisonnement pour d\u00e9lits routiers, d\u00e9tention de stup\u00e9fiants et outrage \u00e0 personnes d\u00e9positaires de l\u2019autorit\u00e9 publique<\/i><span class=\"Apple-converted-space\">\u00a0<\/span>\u00bb, pr\u00e9cise le procureur de Valenciennes.<\/p>\n<p>Pour l\u2019heure, c\u2019est la piste d\u2019un suicide par absorption m\u00e9dicamenteuse qui est privil\u00e9gi\u00e9e par l\u2019enqu\u00eate. De nombreux emballages vides de m\u00e9dicaments ont en effet \u00e9t\u00e9 retrouv\u00e9s dans la cellule.<\/p>\n<p><strong> \u00c0 noter qu\u2019une autopsie et une expertise toxicologique ont \u00e9t\u00e9 requises, afin de pouvoir faire la lumi\u00e8re sur les circonstances de ce dramatique d\u00e9c\u00e8s.<\/strong><\/p>\n<address><strong>Source : http:\/\/m.lavoixdunord.fr\/region\/maison-d-arret-de-valenciennes-un-detenu-retrouve ia27b36956n2300722<\/strong><\/address>\n","protected":false},"excerpt":{"rendered":"<p>PHOTO BRUNO.FAVA. Triste d\u00e9couverte que celle qui a \u00e9t\u00e9 r\u00e9alis\u00e9e ce mercredi matin \u00e0 la maison d\u2019arr\u00eat de Valenciennes. Vers 11heures du matin, le corps sans vie d\u2019un jeune d\u00e9tenu de 30ans a \u00e9t\u00e9 d\u00e9couvert dans sa cellule. Il \u00e9tait &hellip; <a href=\"https:\/\/contrelenfermement.noblogs.org\/?p=1736\">Continuer la lecture <span class=\"meta-nav\">&rarr;<\/span><\/a><\/p>\n","protected":false},"author":5244,"featured_media":0,"comment_status":"open","ping_status":"open","sticky":false,"template":"","format":"standard","meta":{"footnotes":""},"categories":[10],"tags":[],"class_list":["post-1736","post","type-post","status-publish","format-standard","hentry","category-ils-ont-ete-tues"],"_links":{"self":[{"href":"https:\/\/contrelenfermement.noblogs.org\/index.php?rest_route=\/wp\/v2\/posts\/1736","targetHints":{"allow":["GET"]}}],"collection":[{"href":"https:\/\/contrelenfermement.noblogs.org\/index.php?rest_route=\/wp\/v2\/posts"}],"about":[{"href":"https:\/\/contrelenfermement.noblogs.org\/index.php?rest_route=\/wp\/v2\/types\/post"}],"author":[{"embeddable":true,"href":"https:\/\/contrelenfermement.noblogs.org\/index.php?rest_route=\/wp\/v2\/users\/5244"}],"replies":[{"embeddable":true,"href":"https:\/\/contrelenfermement.noblogs.org\/index.php?rest_route=%2Fwp%2Fv2%2Fcomments&post=1736"}],"version-history":[{"count":3,"href":"https:\/\/contrelenfermement.noblogs.org\/index.php?rest_route=\/wp\/v2\/posts\/1736\/revisions"}],"predecessor-version":[{"id":1745,"href":"https:\/\/contrelenfermement.noblogs.org\/index.php?rest_route=\/wp\/v2\/posts\/1736\/revisions\/1745"}],"wp:attachment":[{"href":"https:\/\/contrelenfermement.noblogs.org\/index.php?rest_route=%2Fwp%2Fv2%2Fmedia&parent=1736"}],"wp:term":[{"taxonomy":"category","embeddable":true,"href":"https:\/\/contrelenfermement.noblogs.org\/index.php?rest_route=%2Fwp%2Fv2%2Fcategories&post=1736"},{"taxonomy":"post_tag","embeddable":true,"href":"https:\/\/contrelenfermement.noblogs.org\/index.php?rest_route=%2Fwp%2Fv2%2Ftags&post=1736"}],"curies":[{"name":"wp","href":"https:\/\/api.w.org\/{rel}","templated":true}]}}