{"id":1758,"date":"2014-09-03T11:42:41","date_gmt":"2014-09-03T10:42:41","guid":{"rendered":"http:\/\/contrelenfermement.noblogs.org\/?p=1758"},"modified":"2014-09-03T11:42:41","modified_gmt":"2014-09-03T10:42:41","slug":"semaine-de-la-rentree-en-prison-temoignage","status":"publish","type":"post","link":"https:\/\/contrelenfermement.noblogs.org\/?p=1758","title":{"rendered":"SEMAINE DE LA RENTREE EN PRISON&#8230;. ( t\u00e9moignage )"},"content":{"rendered":"<p>Semaine de la rentr\u00e9e en prison o\u00f9 les cours et les activit\u00e9s reprennent. Mais avant tout aujourd\u2019hui c\u2019est la rentr\u00e9e des classes et une prof<span class=\"text_exposed_show\">onde m\u00e9lancolie stagne dans l\u2019air ambiant. Ma fille rentre \u00e0 la maternelle et je ne suis pas l\u00e0 pour lui tenir la main et la soutenir.<\/span><\/p>\n<div class=\"text_exposed_show\" style=\"color: #808080;font-family: Helvetica, Arial, 'lucida grande', tahoma, verdana, arial, sans-serif;font-size: 12px;font-style: normal;font-variant: normal;font-weight: normal;letter-spacing: normal;line-height: 15.359999656677246px;text-align: left;text-indent: 0px;background-color: #ffffff\">\n<p>Ca fait mal, tr\u00e8s mal.De nombreuses filles ont le blues. Sur que l\u2019on ne sera pas de corv\u00e9e pour couvrir les livres ! Moi qui d\u00e9teste \u00e7a, je serais pr\u00eate \u00e0 couvrir tous les les livres de chaque camarade de classe de Nino, mon a\u00een\u00e9, qui redouble sa troisi\u00e8me faute \u00e0 mon absence. Pour lui non plus je ne serais pas pr\u00e9sente pour sa rentr\u00e9e. La honte ! Je n\u2019aurais pas le droit non plus le soir autour du repas familial \u00e0 ses commentaires sarcastiques sur les nouveaux profs et sur son emploi du temps mal fichu dont il se plaint chaque ann\u00e9e.Je ne serais pas l\u00e0 pour le r\u00e9veiller le matin, et avoir mal au coeur de le voir partir alors que le jour est \u00e0 peine lev\u00e9. J\u2019ai mal au coeur pour tous ces gosses dont beaucoup ne savent m\u00eame pas que leur m\u00e8re est en prison. Certains se dirigent vers une nouvelle classe avec une nouvelle ma\u00eetresse, sans la main rassurante de leur maman, qui ne pourra pas porter leur cartable jusqu\u2019aux grilles de l\u2019\u00e9cole.Malgr\u00e9 le soleil qui brille en cette semaine de rentr\u00e9e des classes, nos coeurs de maman sont lamin\u00e9s.Une profonde tristesse nous envahit, impossible \u00e0 g\u00e9rer, qui d\u00e9vaste tout sur son passage, car elle touche \u00e0 nos entrailles \u00e0 la chair de notre chair, \u00e0 notre bien le plus pr\u00e9cieux.Tous ces gosses qui souffrent sont des handicap\u00e9s sociaux mutil\u00e9s par une justice aveugle.Toutes ces maman oubli\u00e9es au fond de leur cachot, tout le monde s\u2019en fout&#8230;Mais ces enfants qui n\u2019ont rien qui pense \u00e0 eux ? Personne \u00e0 part leur maman bien sur, mais au fond de notre trou elles ne peuvent rien faire pour eux et cette souffrance s\u2019ajoute aux autres et s\u2019empilent jusqu\u2019\u00e0 nous faire craquer.Alors on garde le sourire, on ne se laisse pas mourir, et on esp\u00e8re qu\u2019\u00e0 la rentr\u00e9e prochaine, on sera l\u00e0 pour tenir la main de nos ch\u00e9rubins, les consoler, porter leur cartable&#8230;Et couvrir leurs livres bien sur&#8230;<\/p>\n<p style=\"margin: 1em 0px\">Sylvie Piciotti maison d\u2019arr\u00eat de Fleury &#8211; 2 septembre 2010<\/p>\n<p style=\"margin: 1em 0px\">Source : https:\/\/www.facebook.com\/soinmedicaux?fref=nf<\/p>\n<\/div>\n","protected":false},"excerpt":{"rendered":"<p>Semaine de la rentr\u00e9e en prison o\u00f9 les cours et les activit\u00e9s reprennent. Mais avant tout aujourd\u2019hui c\u2019est la rentr\u00e9e des classes et une profonde m\u00e9lancolie stagne dans l\u2019air ambiant. Ma fille rentre \u00e0 la maternelle et je ne suis &hellip; <a href=\"https:\/\/contrelenfermement.noblogs.org\/?p=1758\">Continuer la lecture <span class=\"meta-nav\">&rarr;<\/span><\/a><\/p>\n","protected":false},"author":5244,"featured_media":0,"comment_status":"open","ping_status":"open","sticky":false,"template":"","format":"standard","meta":{"footnotes":""},"categories":[212],"tags":[468,270,515,1517,1518],"class_list":["post-1758","post","type-post","status-publish","format-standard","hentry","category-temoignages-prisons","tag-classe","tag-fleury","tag-fleury-merogis","tag-rentree","tag-sulvie-piciotti"],"_links":{"self":[{"href":"https:\/\/contrelenfermement.noblogs.org\/index.php?rest_route=\/wp\/v2\/posts\/1758","targetHints":{"allow":["GET"]}}],"collection":[{"href":"https:\/\/contrelenfermement.noblogs.org\/index.php?rest_route=\/wp\/v2\/posts"}],"about":[{"href":"https:\/\/contrelenfermement.noblogs.org\/index.php?rest_route=\/wp\/v2\/types\/post"}],"author":[{"embeddable":true,"href":"https:\/\/contrelenfermement.noblogs.org\/index.php?rest_route=\/wp\/v2\/users\/5244"}],"replies":[{"embeddable":true,"href":"https:\/\/contrelenfermement.noblogs.org\/index.php?rest_route=%2Fwp%2Fv2%2Fcomments&post=1758"}],"version-history":[{"count":1,"href":"https:\/\/contrelenfermement.noblogs.org\/index.php?rest_route=\/wp\/v2\/posts\/1758\/revisions"}],"predecessor-version":[{"id":1759,"href":"https:\/\/contrelenfermement.noblogs.org\/index.php?rest_route=\/wp\/v2\/posts\/1758\/revisions\/1759"}],"wp:attachment":[{"href":"https:\/\/contrelenfermement.noblogs.org\/index.php?rest_route=%2Fwp%2Fv2%2Fmedia&parent=1758"}],"wp:term":[{"taxonomy":"category","embeddable":true,"href":"https:\/\/contrelenfermement.noblogs.org\/index.php?rest_route=%2Fwp%2Fv2%2Fcategories&post=1758"},{"taxonomy":"post_tag","embeddable":true,"href":"https:\/\/contrelenfermement.noblogs.org\/index.php?rest_route=%2Fwp%2Fv2%2Ftags&post=1758"}],"curies":[{"name":"wp","href":"https:\/\/api.w.org\/{rel}","templated":true}]}}