{"id":1767,"date":"2014-09-03T09:58:50","date_gmt":"2014-09-03T08:58:50","guid":{"rendered":"http:\/\/contrelenfermement.noblogs.org\/?p=1767"},"modified":"2014-09-04T10:02:49","modified_gmt":"2014-09-04T09:02:49","slug":"apres-abdelhak-goradia-alger-demande-des-precisions-a-paris-sur-la-mort-dun-autre-algerien-a-colmar","status":"publish","type":"post","link":"https:\/\/contrelenfermement.noblogs.org\/?p=1767","title":{"rendered":"Apr\u00e8s Abdelhak Goradia, Alger demande des pr\u00e9cisions \u00e0 Paris sur la mort d&rsquo;un autre Alg\u00e9rien \u00e0 Colmar"},"content":{"rendered":"<header style=\"margin: 0px;padding: 0px;border: 0px;vertical-align: baseline;color: #222222;font-family: Arial, FreeSans, Helvetica, sans-serif;font-size: 13px;font-style: normal;font-variant: normal;font-weight: normal;letter-spacing: normal;line-height: 17px;text-align: start;text-indent: 0px;background-color: #ffffff\">\n<p class=\"title\" style=\"font-size: 32px;margin: 0px 0px 10px;padding: 0px;direction: ltr;font-family: Georgia,Century,Times,serif;font-weight: bold;font-style: normal;color: #111111;line-height: 36px;border: 0px none;vertical-align: baseline;font-variant: normal;text-align: left\">Un deuxi\u00e8me alg\u00e9rien est mort, le 26 ao\u00fbt dernier, au cours de son transfert de la prison de Strasbourg vers le Palais de justice de Colmar. Cinq jours plus t\u00f4t, le 21 ao\u00fbt, Abdelhak Gorafia, 51 ans, est mort dans des conditions troubles lors de son transfert par la police fran\u00e7aise vers l\u2019a\u00e9roport de Roissy Charles De Gaulle, en ex\u00e9cution d\u2019un arr\u00eat\u00e9 minist\u00e9riel d\u2019expulsion.<\/p>\n<p style=\"margin: 0px 0px 15px;padding: 0px;direction: ltr;font-family: Georgia,Century,Times,serif;font-weight: normal;font-size: 15px;line-height: 21px;border: 0px none;vertical-align: baseline;font-style: normal;font-variant: normal;color: #333333;letter-spacing: normal;text-align: left;text-indent: 0px;background-color: #ffffff\">Ce nouveau cas d\u2019un Alg\u00e9rien mort au cours d\u2019un transfert est \u00e9voqu\u00e9 d<a style=\"color: #058b7b;text-decoration: none;line-height: inherit;margin: 0px;padding: 0px;border: 0px;vertical-align: baseline\" href=\"http:\/\/www.aps.dz\/algerie\/10676-d%C3%A9c%C3%A8s-d-un-ressortissant-alg%C3%A9rien-en-france-le-secr%C3%A9taire-g%C3%A9n%C3%A9ral-par-int%C3%A9rim-du-mae-re%C3%A7oit-l-ambassadeur-fran%C3%A7ais\" target=\"_hplink\">ans un communiqu\u00e9 du minist\u00e8re alg\u00e9rien des Affaires \u00e9trang\u00e8res<\/a><span class=\"Apple-converted-space\">\u00a0<\/span>au si\u00e8ge duquel l\u2019ambassadeur de France, Andr\u00e9 Parant a \u00e9t\u00e9 re\u00e7u lundi par le SG par int\u00e9rim du minist\u00e8re des Affaires \u00e9trang\u00e8res, Hocine Meghar, consacr\u00e9 au \u00ab\u00a0suivi\u00a0\u00bb de l\u2019affaire Gorafia.<\/p>\n<p style=\"margin: 0px 0px 15px;padding: 0px;direction: ltr;font-family: Georgia, Century, Times, serif;font-weight: normal;font-size: 15px;line-height: 21px;border: 0px;vertical-align: baseline;color: #222222;font-style: normal;font-variant: normal\">\u00ab\u00a0Le secr\u00e9taire g\u00e9n\u00e9ral par int\u00e9rim a soulev\u00e9 avec l&rsquo;ambassadeur de France le d\u00e9c\u00e8s, intervenu le 26 ao\u00fbt 2014, d&rsquo;un autre ressortissant alg\u00e9rien, lors de son transfert de la maison d&rsquo;arr\u00eat de Strasbourg au palais de justice de la ville de Colmar et exprim\u00e9 l'\u00a0\u00bburgence de disposer de pr\u00e9cisions sur les circonstances de ce drame\u00a0\u00bb, indique le communiqu\u00e9 des affaires \u00e9trang\u00e8res.<\/p>\n<p style=\"margin: 0px 0px 15px;padding: 0px;direction: ltr;font-family: Georgia,Century,Times,serif;font-weight: normal;font-size: 15px;line-height: 21px;border: 0px none;vertical-align: baseline;font-style: normal;font-variant: normal;color: #333333;letter-spacing: normal;text-align: left;text-indent: 0px;background-color: #ffffff\">Le communiqu\u00e9 des affaires \u00e9trang\u00e8res ne donne pas l\u2019identit\u00e9 de l\u2019Alg\u00e9rien tu\u00e9 au cours du transfert vers le palais de justice de Colmar. Il s\u2019agit de Hocine Bouras, 23 ans, natif de Colmar, tu\u00e9 par un gendarme au cours de son transfert vers le palais de justice de Colmar o\u00f9 il devait \u00eatre entendu par un juge d\u2019instruction dans une affaire de vol \u00e0 main arm\u00e9e.<\/p>\n<p style=\"margin: 0px 0px 15px;padding: 0px;direction: ltr;font-family: Georgia,Century,Times,serif;font-weight: normal;font-size: 15px;line-height: 21px;border: 0px none;vertical-align: baseline;font-style: normal;font-variant: normal;color: #333333;letter-spacing: normal;text-align: left;text-indent: 0px;background-color: #ffffff\">Le parquet de Colmar<span class=\"Apple-converted-space\">\u00a0<\/span><a style=\"color: #058b7b;text-decoration: none;line-height: inherit;margin: 0px;padding: 0px;border: 0px;vertical-align: baseline\" href=\"http:\/\/fr.reuters.com\/article\/topNews\/idFRKBN0GS2AU20140828?sp=true\" target=\"_hplink\">a requis jeudi la mise en examen, pour coups volontaires ayant entra\u00een\u00e9 la mort, du gendarme \u00e0 l&rsquo;origine du coup de feu fatal<\/a>. \u00ab\u00a0J&rsquo;estime que la l\u00e9gitime d\u00e9fense n&rsquo;\u00e9tait pas strictement constitu\u00e9e sur un plan juridique\u00a0\u00bb, a indiqu\u00e9 le procureur.<\/p>\n<p style=\"margin: 0px 0px 15px;padding: 0px;direction: ltr;font-family: Georgia, Century, Times, serif;font-weight: normal;font-size: 15px;line-height: 21px;border: 0px;vertical-align: baseline;color: #222222;font-style: normal;font-variant: normal\">Sur l\u2019affaire Abdelhak Gorafia, le SG par int\u00e9rim des affaires \u00e9trang\u00e8res a insist\u00e9, en particulier, pour que les r\u00e9sultats des enqu\u00eates administratives et judiciaires diligent\u00e9es par les autorit\u00e9s fran\u00e7aises comp\u00e9tentes ainsi que le rapport de l&rsquo;autopsie soient communiqu\u00e9s, \u00ab\u00a0dans les meilleurs d\u00e9lais possibles\u00a0\u00bb \u00e0 la partie alg\u00e9rienne.<\/p>\n<p style=\"margin: 0px 0px 15px;padding: 0px;direction: ltr;font-family: Georgia,Century,Times,serif;font-weight: normal;font-size: 15px;line-height: 21px;border: 0px none;vertical-align: baseline;font-style: normal;font-variant: normal;color: #333333;letter-spacing: normal;text-align: left;text-indent: 0px;background-color: #ffffff\">Evoquant \u00ab\u00a0l\u2019\u00e9motion\u00a0\u00bb provoqu\u00e9e en Alg\u00e9rie par ce d\u00e9c\u00e8s, le communiqu\u00e9 des affaires \u00e9trang\u00e8res souligne que la \u00a0\u00bb remise aux autorit\u00e9s alg\u00e9riennes de toutes les informations et documents sur les causes et les circonstances de cette mort, contribuera \u00e0 \u00e9tablir, dans la transparence, le d\u00e9roulement exact et pr\u00e9cis des faits, qui ont entra\u00een\u00e9 la mort de notre ressortissant, et \u00e0 en situer les responsabilit\u00e9s \u00e9ventuelles des intervenants\u00a0\u00bb.<\/p>\n<p style=\"margin: 0px 0px 15px;padding: 0px;direction: ltr;font-family: Georgia,Century,Times,serif;font-weight: normal;font-size: 15px;line-height: 21px;border: 0px none;vertical-align: baseline;font-style: normal;font-variant: normal;color: #333333;letter-spacing: normal;text-align: left;text-indent: 0px;background-color: #ffffff\">\u00ab\u00a0Un certain nombre de questions ont \u00e9t\u00e9, \u00e9galement, pos\u00e9es notamment sur la notification d&rsquo;informations sur la d\u00e9tention du citoyen alg\u00e9rien durant son s\u00e9jour en France, les liens familiaux et priv\u00e9s qu&rsquo;il a \u00e9tablis et les droits qu&rsquo;il a accumul\u00e9s\u00a0\u00bb.<\/p>\n<p style=\"margin: 0px 0px 15px;padding: 0px;direction: ltr;font-family: Georgia,Century,Times,serif;font-weight: normal;font-size: 15px;line-height: 21px;border: 0px none;vertical-align: baseline;font-style: normal;font-variant: normal;color: #333333;letter-spacing: normal;text-align: left;text-indent: 0px;background-color: #ffffff\">L&rsquo;ambassadeur de France \u00ab\u00a0a assur\u00e9 le secr\u00e9taire g\u00e9n\u00e9ral par int\u00e9rim que les autorit\u00e9s de son pays seront inform\u00e9es des pr\u00e9occupations exprim\u00e9es par la partie alg\u00e9rienne et indiqu\u00e9 que les enqu\u00eates appropri\u00e9es sont en cours et que leurs r\u00e9sultats seront transmis, aux autorit\u00e9s alg\u00e9riennes\u00a0\u00bb, conclut le communiqu\u00e9.<\/p>\n<p style=\"margin: 0px 0px 15px;padding: 0px;direction: ltr;font-family: Georgia,Century,Times,serif;font-weight: normal;font-size: 15px;line-height: 21px;border: 0px none;vertical-align: baseline;font-style: normal;font-variant: normal;color: #333333;letter-spacing: normal;text-align: left;text-indent: 0px;background-color: #ffffff\"><strong style=\"font-weight: bold;line-height: inherit;margin: 0px;padding: 0px;border: 0px;vertical-align: baseline\">Affaire Goradia : \u00ab\u00a0La police gravement mise en cause\u00a0\u00bb, selon Mediapart<\/strong><\/p>\n<p style=\"margin: 0px 0px 15px;padding: 0px;direction: ltr;font-family: Georgia,Century,Times,serif;font-weight: normal;font-size: 15px;line-height: 21px;border: 0px none;vertical-align: baseline;font-style: normal;font-variant: normal;color: #333333;letter-spacing: normal;text-align: left;text-indent: 0px;background-color: #ffffff\">\u00ab\u00a0La Police est gravement mise en cause \u00a0\u00bb dans la mort d\u2019Abdelhak Goradia, Alg\u00e9rien de 51 ans, par \u00ab\u00a0asphyxie\u00a0\u00bb indique M<a style=\"color: #058b7b;text-decoration: none;line-height: inherit;margin: 0px;padding: 0px;border: 0px;vertical-align: baseline\" href=\"http:\/\/www.mediapart.fr\/journal\/france\/260814\/mort-dun-algerien-expulse-la-police-est-gravement-mise-en-cause\" target=\"_hplink\">ediapart qui cite des proches du d\u00e9funt faisant \u00e9tat d\u2019h\u00e9matomes sur son visage<\/a>.<\/p>\n<p style=\"margin: 0px 0px 15px;padding: 0px;direction: ltr;font-family: Georgia,Century,Times,serif;font-weight: normal;font-size: 15px;line-height: 21px;border: 0px none;vertical-align: baseline;font-style: normal;font-variant: normal;color: #333333;letter-spacing: normal;text-align: left;text-indent: 0px;background-color: #ffffff\">Alors que le parquet de Bobigny ne communique plus sur l\u2019affaire et renvoie au minist\u00e8re de l\u2019int\u00e9rieur, des proches qui ont vu le corps de la victime \u00e0 l\u2019institut m\u00e9dicol\u00e9gal de Paris font \u00e9tat d\u2019h\u00e9matomes sur le visage.<\/p>\n<p style=\"margin: 0px 0px 15px;padding: 0px;direction: ltr;font-family: Georgia, Century, Times, serif;font-weight: normal;font-size: 15px;line-height: 21px;border: 0px;vertical-align: baseline;color: #222222;font-style: normal;font-variant: normal\">\u00ab\u00a0Un gros bleu au niveau du nez, un bleu sous l\u2019\u0153il gauche, des bosses et un creux au niveau du cr\u00e2ne\u00a0\u00bb a indiqu\u00e9 Houari Goradia, le neveu de la victime. Selon lui, la s\u0153ur et le fr\u00e8re de la victime, qui habitent en r\u00e9gion parisienne, entendent se constituer partie civile.<\/p>\n<p style=\"margin: 0px 0px 15px;padding: 0px;direction: ltr;font-family: Georgia,Century,Times,serif;font-weight: normal;font-size: 15px;line-height: 21px;border: 0px none;vertical-align: baseline;font-style: normal;font-variant: normal;color: #333333;letter-spacing: normal;text-align: left;text-indent: 0px;background-color: #ffffff\">C\u00e9dric Caste, du syndicat Unit\u00e9 Police SGP-FO pour la police aux fronti\u00e8res (PAF) de Roissy a expliqu\u00e9 \u00e0 Mediapart comment les policiers ont proc\u00e9d\u00e9 face \u00e0 Abdelhak Goradia qui \u00e9tait \u00ab\u00a0assez virulent\u00a0\u00bb.<\/p>\n<p style=\"margin: 0px 0px 15px;padding: 0px;direction: ltr;font-family: Georgia, Century, Times, serif;font-weight: normal;font-size: 15px;line-height: 21px;border: 0px;vertical-align: baseline;color: #222222;font-style: normal;font-variant: normal\">\u00ab\u00a0Comme il \u00e9tait assez virulent, les policiers de la Cotep se sont mis \u00e0 quatre ou cinq pour l\u2019entraver. Ils ont \u00e9cart\u00e9 une lame de rasoir. Ils ont prot\u00e9g\u00e9 sa t\u00eate avec un casque de boxe et l\u2019ont allong\u00e9 dans le fourgon, entrav\u00e9 aux mains et aux pieds. \u00ab\u00a0.<\/p>\n<p style=\"margin: 8px 0px 15px;padding: 0px;direction: ltr;font-family: Georgia, Century, Times, serif;font-weight: normal;font-size: 15px;line-height: 21px;border: 0px;vertical-align: baseline;color: #222222;font-style: normal;font-variant: normal\">Ce n\u2019est, a-t-il ajout\u00e9, qu\u2019\u00e0 l\u2019arriv\u00e9e \u00e0 l\u2019unit\u00e9 d\u2019\u00e9loignement de l\u2019a\u00e9roport de Roissy, \u00e0 19 h 45, que les policiers \u00a0\u00bb se sont rendus compte qu\u2019il \u00e9tait bleu\u00a0\u00bb.<\/p>\n<p style=\"margin: 0px 0px 15px;padding: 0px;direction: ltr;font-family: Georgia,Century,Times,serif;font-weight: normal;font-size: 15px;line-height: 21px;border: 0px none;vertical-align: baseline;font-style: normal;font-variant: normal;color: #333333;letter-spacing: normal;text-align: left;text-indent: 0px;background-color: #ffffff\">L\u2019avocat de la victime, Soheil Boudjelal note que la version de d\u00e9part \u2013 crise cardiaque \u2013 est totalement contredite. \u00ab\u00a0Il n\u2019est pas mort naturellement mais s\u2019est \u00e9touff\u00e9 devant les policiers ou sous l\u2019effet de leurs contraintes. Ce qui suppose des convulsions et une mort atroce. Comment peut-on ne pas porter secours \u00e0 quelqu\u2019un qui s\u2019asphyxie ? \u00ab\u00a0<\/p>\n<p style=\"margin: 0px 0px 15px;padding: 0px;direction: ltr;font-family: Georgia, Century, Times, serif;font-weight: normal;font-size: 15px;line-height: 21px;border: 0px;vertical-align: baseline;font-style: normal;font-variant: normal;color: #333333;letter-spacing: normal;text-align: start;text-indent: 0px;background-color: #ffffff\">\n<p style=\"margin: 0px 0px 15px;padding: 0px;direction: ltr;font-family: Georgia, Century, Times, serif;font-weight: normal;font-size: 15px;line-height: 21px;border: 0px;vertical-align: baseline;font-style: normal;font-variant: normal;color: #333333;letter-spacing: normal;text-align: start;text-indent: 0px;background-color: #ffffff\">\n<p style=\"margin: 0px 0px 15px;padding: 0px;direction: ltr;font-family: Georgia, Century, Times, serif;font-weight: normal;font-size: 15px;line-height: 21px;border: 0px;vertical-align: baseline;font-style: normal;font-variant: normal;color: #333333;letter-spacing: normal;text-align: start;text-indent: 0px;background-color: #ffffff\">\n<blockquote style=\"margin: 15px 0px;padding: 15px;direction: ltr;border: 1px solid #cccccc;line-height: 21px;color: #222222;vertical-align: baseline;font-style: normal;font-variant: normal;font-weight: normal;font-size: 15px;font-family: Georgia, Century, Times, serif;letter-spacing: normal;text-align: start;text-indent: 0px;background-color: #f0f0f0\">\n<address style=\"margin: 0px 0px 15px;padding: 0px;direction: ltr;font-family: Georgia, Century, Times, serif;font-weight: normal;font-size: 15px;line-height: 21px;border: 0px;vertical-align: baseline;color: #222222;font-style: normal;font-variant: normal\"><strong style=\"font-weight: bold;line-height: inherit;margin: 0px;padding: 0px;border: 0px;vertical-align: baseline\">LIRE AUSS<\/strong>I:<a style=\"color: #058b7b;text-decoration: none;line-height: inherit;margin: 0px;padding: 0px;border: 0px;vertical-align: baseline\" href=\"http:\/\/www.huffpostmaghreb.com\/2014\/08\/23\/algerien-mort-paris-roissy_n_5702775.html\" target=\"_hplink\"><span class=\"Apple-converted-space\">\u00a0<\/span>L&rsquo;Alg\u00e9rien mort au cours d&rsquo;une expulsion \u00e0 Paris n&rsquo;aurait pas succomb\u00e9 \u00e0 une crise cardiaque<\/a> : http:\/\/www.huffpostmaghreb.com\/2014\/08\/23\/algerien-mort-paris-roissy_n_5702775.html<\/address>\n<address style=\"margin: 0px 0px 15px;padding: 0px;direction: ltr;font-family: Georgia, Century, Times, serif;font-weight: normal;font-size: 15px;line-height: 21px;border: 0px;vertical-align: baseline;color: #222222;font-style: normal;font-variant: normal\">\u00a0<\/address>\n<address style=\"margin: 0px 0px 15px;padding: 0px;direction: ltr;font-family: Georgia, Century, Times, serif;font-weight: normal;font-size: 15px;line-height: 21px;border: 0px;vertical-align: baseline;color: #222222;font-style: normal;font-variant: normal\">Source\u00a0 : http:\/\/www.huffpostmaghreb.com\/2014\/09\/03\/abdelhak-goradia-_n_5756878.html<\/address>\n<\/blockquote>\n<h1 class=\"title\" style=\"font-size: 32px;margin: 0px 0px 10px;padding: 0px;direction: ltr;font-family: Georgia, Century, Times, serif;font-weight: bold;font-style: normal;color: #111111;line-height: 36px;border: 0px;vertical-align: baseline;font-variant: normal\"><\/h1>\n<h1 class=\"title\" style=\"font-size: 32px;margin: 0px 0px 10px;padding: 0px;direction: ltr;font-family: Georgia, Century, Times, serif;font-weight: bold;font-style: normal;color: #111111;line-height: 36px;border: 0px;vertical-align: baseline;font-variant: normal\"><\/h1>\n<h1 class=\"title\" style=\"font-size: 32px;margin: 0px 0px 10px;padding: 0px;direction: ltr;font-family: Georgia, Century, Times, serif;font-weight: bold;font-style: normal;color: #111111;line-height: 36px;border: 0px;vertical-align: baseline;font-variant: normal\"><\/h1>\n<h1 class=\"title\" style=\"font-size: 32px;margin: 0px 0px 10px;padding: 0px;direction: ltr;font-family: Georgia, Century, Times, serif;font-weight: bold;font-style: normal;color: #111111;line-height: 36px;border: 0px;vertical-align: baseline;font-variant: normal\"><\/h1>\n<h1 class=\"title\" style=\"font-size: 32px;margin: 0px 0px 10px;padding: 0px;direction: ltr;font-family: Georgia, Century, Times, serif;font-weight: bold;font-style: normal;color: #111111;line-height: 36px;border: 0px;vertical-align: baseline;font-variant: normal\"><\/h1>\n<\/header>\n","protected":false},"excerpt":{"rendered":"<p>Un deuxi\u00e8me alg\u00e9rien est mort, le 26 ao\u00fbt dernier, au cours de son transfert de la prison de Strasbourg vers le Palais de justice de Colmar. Cinq jours plus t\u00f4t, le 21 ao\u00fbt, Abdelhak Gorafia, 51 ans, est mort dans &hellip; <a href=\"https:\/\/contrelenfermement.noblogs.org\/?p=1767\">Continuer la lecture <span class=\"meta-nav\">&rarr;<\/span><\/a><\/p>\n","protected":false},"author":5244,"featured_media":0,"comment_status":"open","ping_status":"open","sticky":false,"template":"","format":"standard","meta":{"footnotes":""},"categories":[10],"tags":[338,1520,1519,232,996,1279,122,1456,1067],"class_list":["post-1767","post","type-post","status-publish","format-standard","hentry","category-ils-ont-ete-tues","tag-administration","tag-affaires-etrangeres","tag-alger","tag-algerie","tag-cardiaque","tag-emotion","tag-retention","tag-transfert","tag-trouble"],"_links":{"self":[{"href":"https:\/\/contrelenfermement.noblogs.org\/index.php?rest_route=\/wp\/v2\/posts\/1767","targetHints":{"allow":["GET"]}}],"collection":[{"href":"https:\/\/contrelenfermement.noblogs.org\/index.php?rest_route=\/wp\/v2\/posts"}],"about":[{"href":"https:\/\/contrelenfermement.noblogs.org\/index.php?rest_route=\/wp\/v2\/types\/post"}],"author":[{"embeddable":true,"href":"https:\/\/contrelenfermement.noblogs.org\/index.php?rest_route=\/wp\/v2\/users\/5244"}],"replies":[{"embeddable":true,"href":"https:\/\/contrelenfermement.noblogs.org\/index.php?rest_route=%2Fwp%2Fv2%2Fcomments&post=1767"}],"version-history":[{"count":1,"href":"https:\/\/contrelenfermement.noblogs.org\/index.php?rest_route=\/wp\/v2\/posts\/1767\/revisions"}],"predecessor-version":[{"id":1768,"href":"https:\/\/contrelenfermement.noblogs.org\/index.php?rest_route=\/wp\/v2\/posts\/1767\/revisions\/1768"}],"wp:attachment":[{"href":"https:\/\/contrelenfermement.noblogs.org\/index.php?rest_route=%2Fwp%2Fv2%2Fmedia&parent=1767"}],"wp:term":[{"taxonomy":"category","embeddable":true,"href":"https:\/\/contrelenfermement.noblogs.org\/index.php?rest_route=%2Fwp%2Fv2%2Fcategories&post=1767"},{"taxonomy":"post_tag","embeddable":true,"href":"https:\/\/contrelenfermement.noblogs.org\/index.php?rest_route=%2Fwp%2Fv2%2Ftags&post=1767"}],"curies":[{"name":"wp","href":"https:\/\/api.w.org\/{rel}","templated":true}]}}