{"id":1770,"date":"2014-09-03T10:40:18","date_gmt":"2014-09-03T09:40:18","guid":{"rendered":"http:\/\/contrelenfermement.noblogs.org\/?p=1770"},"modified":"2014-09-04T10:51:01","modified_gmt":"2014-09-04T09:51:01","slug":"comment-rachide-a-vu-sa-peine-passer-de-3-a-42-ans","status":"publish","type":"post","link":"https:\/\/contrelenfermement.noblogs.org\/?p=1770","title":{"rendered":"Comment Rachide a vu sa peine passer de 3 \u00e0 42 ans"},"content":{"rendered":"<p style=\"margin: 0px 0px 20px;padding: 0px 3px\">PORTRAIT &#8211; Alors que la Chancellerie assure, ce mardi, que les violences sont en baisse\u00a0dans les prisons fran\u00e7aises, \u00ab20 Minutes\u00bb revient sur l&rsquo;histoire tortueuse de Rachide&#8230;\u00abIl a un peu perdu la notion du temps\u2026\u00bb, l\u00e2che Marie Cr\u00e9tenot, la juriste de l\u2019<a style=\"text-decoration: none;color: #2785cf\" href=\"http:\/\/www.oip.org\/\" target=\"_blank\" rel=\"nofollow\">Observatoire international des prisons (OIP)<\/a><span class=\"Apple-converted-space\">\u00a0<\/span>qui le suit. Comment pourrait-il en \u00eatre autrement?\u00a0Entr\u00e9 en prison en 1996 pour purger une peine de trois ans, Rachide est aujourd\u2019hui lib\u00e9rable en 2038.\u00a0\u00abEt ce n\u2019est peut-\u00eatre pas fini\u2026\u00bb, souffle Marie Cr\u00e9tenot.<a style=\"text-decoration: none;color: #2785cf\" href=\"http:\/\/www.20minutes.fr\/societe\/1435759-20140902-agressions-physiques-baisse-prisons-francaises\" target=\"_blank\"><strong style=\"font-style: normal;font-weight: bold\">&gt;&gt; Les faits:\u00a0Les violences en prison baissent selon la Chancellerie<\/strong><\/a>Car, dans le monde de la p\u00e9nitentiaire, Rachide est un cas \u00e0 part. Condamn\u00e9 pour une s\u00e9rie de\u00a0\u00abvols avec violence\u00bb\u00a0\u00e0 la base, il a d\u00e9j\u00e0 vu sa peine \u00eatre multipli\u00e9e par quatorze pour une des faits commis alors qu\u2019il \u00e9tait d\u00e9j\u00e0 en d\u00e9tention.\u00a0\u00abOn voit de plus en plus de profils comme lui, assure encore la juriste.<a style=\"text-decoration: none;color: #2785cf\" href=\"http:\/\/www.20minutes.fr\/societe\/1215509-20130829-prison-systeme-au-bord-lasphyxie\" target=\"_blank\">Des gens qui sont totalement d\u00e9structur\u00e9s par la prison.<\/a>\u00bbQui n\u2019accepte pas ses r\u00e8gles. Pour Rachide, c\u2019\u00e9tait d\u2019abord celles de la salle de sport de sa premi\u00e8re prison. Apr\u00e8s s\u2019\u00eatre vu refuser l\u2019acc\u00e8s car il n\u2019avait pas les bonnes chaussures, il s\u2019emporte.<span class=\"Apple-converted-space\">\u00a0<\/span><a style=\"text-decoration: none;color: #2785cf\" href=\"http:\/\/fr.wikipedia.org\/wiki\/Cellule_disciplinaire_en_France\" target=\"_blank\" rel=\"nofollow\">Quelques jours de mitard<span class=\"Apple-converted-space\">\u00a0<\/span><em style=\"font-style: italic;font-weight: normal\">(lire l\u2019encadr\u00e9)<\/em><span class=\"Apple-converted-space\">\u00a0<\/span>ne le calment pas<\/a>. Fin 1999, une s\u00e9rie d\u2019outrages lui vaut une rallonge de peine de 23 mois. Un an plus tard, c\u2019est pour des menaces de mort qu\u2019il \u00e9cope de deux ans suppl\u00e9mentaires. Insultes, feux de cellule, Rachide macule aussi r\u00e9guli\u00e8rement de ses excr\u00e9ments les cellules d\u2019isolement afin de protester. Violences, destruction de bien:\u00a0l\u2019addition aboutit au final \u00e0 une peine de 42 ans<strong>.<\/strong><\/p>\n<p style=\"margin: 0px 0px 20px;padding: 0px 3px\">\u00ab<strong>Il s\u2019est inscrit dans un rapport de force. Il ne c\u00e8de pas<\/strong>, poursuit Marie Cr\u00e9tenot.<a style=\"text-decoration: none;color: #2785cf\" href=\"http:\/\/fr.wikipedia.org\/wiki\/Maison_centrale_de_Clairvaux\" target=\"_blank\" rel=\"nofollow\">Son seul souhait est d\u2019\u00eatre transf\u00e9r\u00e9 \u00e0 Clairvaux (Aube) pour pouvoir voir sa compagne<\/a>.\u00bb\u00a0Aujourd\u2019hui, c\u2019est \u00e0 Saint-Maur (Val-de-Marne) que l\u2019a men\u00e9 son 86e transfert de prison.\u00a0\u00abRachide ne souffre pourtant d\u2019aucun trouble psychiatrique, assure encore la juriste. Il vit simplement dans l\u2019instant. Si sa situation n\u2019est pas convenable, il proteste sans penser au lendemain. Il n\u2019a pas compris comment fonctionne la prison.\u00bb<\/p>\n<p style=\"margin: 0px 0px 20px;padding: 0px 3px\">\n<address style=\"margin: 0px 0px 20px;padding: 0px 3px\">Source : http:\/\/www.20minutes.fr\/societe\/1436067-20140904-violences-prison-comment-rachide-vu-peine-passer-3-42-ans<\/address>\n","protected":false},"excerpt":{"rendered":"<p>PORTRAIT &#8211; Alors que la Chancellerie assure, ce mardi, que les violences sont en baisse\u00a0dans les prisons fran\u00e7aises, \u00ab20 Minutes\u00bb revient sur l&rsquo;histoire tortueuse de Rachide&#8230;\u00abIl a un peu perdu la notion du temps\u2026\u00bb, l\u00e2che Marie Cr\u00e9tenot, la juriste de &hellip; <a href=\"https:\/\/contrelenfermement.noblogs.org\/?p=1770\">Continuer la lecture <span class=\"meta-nav\">&rarr;<\/span><\/a><\/p>\n","protected":false},"author":5244,"featured_media":0,"comment_status":"open","ping_status":"open","sticky":false,"template":"","format":"standard","meta":{"footnotes":""},"categories":[6],"tags":[],"class_list":["post-1770","post","type-post","status-publish","format-standard","hentry","category-comment-ils-nous-enferment"],"_links":{"self":[{"href":"https:\/\/contrelenfermement.noblogs.org\/index.php?rest_route=\/wp\/v2\/posts\/1770","targetHints":{"allow":["GET"]}}],"collection":[{"href":"https:\/\/contrelenfermement.noblogs.org\/index.php?rest_route=\/wp\/v2\/posts"}],"about":[{"href":"https:\/\/contrelenfermement.noblogs.org\/index.php?rest_route=\/wp\/v2\/types\/post"}],"author":[{"embeddable":true,"href":"https:\/\/contrelenfermement.noblogs.org\/index.php?rest_route=\/wp\/v2\/users\/5244"}],"replies":[{"embeddable":true,"href":"https:\/\/contrelenfermement.noblogs.org\/index.php?rest_route=%2Fwp%2Fv2%2Fcomments&post=1770"}],"version-history":[{"count":1,"href":"https:\/\/contrelenfermement.noblogs.org\/index.php?rest_route=\/wp\/v2\/posts\/1770\/revisions"}],"predecessor-version":[{"id":1771,"href":"https:\/\/contrelenfermement.noblogs.org\/index.php?rest_route=\/wp\/v2\/posts\/1770\/revisions\/1771"}],"wp:attachment":[{"href":"https:\/\/contrelenfermement.noblogs.org\/index.php?rest_route=%2Fwp%2Fv2%2Fmedia&parent=1770"}],"wp:term":[{"taxonomy":"category","embeddable":true,"href":"https:\/\/contrelenfermement.noblogs.org\/index.php?rest_route=%2Fwp%2Fv2%2Fcategories&post=1770"},{"taxonomy":"post_tag","embeddable":true,"href":"https:\/\/contrelenfermement.noblogs.org\/index.php?rest_route=%2Fwp%2Fv2%2Ftags&post=1770"}],"curies":[{"name":"wp","href":"https:\/\/api.w.org\/{rel}","templated":true}]}}