{"id":1778,"date":"2014-10-06T09:09:34","date_gmt":"2014-10-06T08:09:34","guid":{"rendered":"http:\/\/contrelenfermement.noblogs.org\/?p=1778"},"modified":"2014-10-10T23:19:51","modified_gmt":"2014-10-10T22:19:51","slug":"nouveau-drame-dans-la-prison-des-baumettes-un-homme-de-33-ans-detenu-mort-a-la-prison-des-baumettes","status":"publish","type":"post","link":"https:\/\/contrelenfermement.noblogs.org\/?p=1778","title":{"rendered":"Nouveau drame en prison  : un homme de 33 ans retrouv\u00e9 mort aux Baumettes"},"content":{"rendered":"<p class=\"article-top title-on-top\">Un homme de 33 ans d\u00e9tenu, se serait pendu mercredi en fin de matin\u00e9e dans sa cellule du quartier d&rsquo;isolement de la maison d&rsquo;arr\u00eat des Baumettes.<\/p>\n<div class=\"image-component x-large\">\u00a0Incarc\u00e9r\u00e9 depuis peu, il purgeait une peine correctionnelle jusqu&rsquo;en 2016. Il avait \u00e9t\u00e9 plac\u00e9 \u00e0 l&rsquo;isolement \u00e0 sa demande depuis une semaine.<\/div>\n<div class=\"article-main-wrapper\">\n<div class=\"article-left-wrapper title-on-top\">\n<div class=\"article-full-width\">\n<div>\n<div class=\"body-area has-related\">\n<div class=\"article-body\">\n<p>\u00ab\u00a0Le d\u00e9tenu a \u00e9t\u00e9 retrouv\u00e9 pendu avec ses draps \u00e0 11h40\u00a0\u00bb, pr\u00e9cise le secr\u00e9taire national adjoint du Syndicat p\u00e9nitentiaire des surveillants (SPS), Henri Barriviera.<\/p>\n<p><b>Les syndicats d\u00e9plorent un manque d&rsquo;effectif<\/b><\/p>\n<p>Dans la matin\u00e9e, l&rsquo;homme s&rsquo;\u00e9tait rendu \u00e0 une consultation au service m\u00e9dicopsychologique r\u00e9gional de la prison marseillaise, indique le syndicaliste.<\/p>\n<p>(&#8230; )<\/p>\n<p>&nbsp;<\/p>\n<address>Source : http:\/\/www.metronews.fr\/marseille\/un-detenu-mis-a-l-isolement-se-suicide-a-la-prison-des-baumettes\/mnja!4R46MrwmWXs32\/#.VCwkYO4372I.facebook<\/address>\n<\/div>\n<\/div>\n<\/div>\n<\/div>\n<\/div>\n<\/div>\n","protected":false},"excerpt":{"rendered":"<p>Un homme de 33 ans d\u00e9tenu, se serait pendu mercredi en fin de matin\u00e9e dans sa cellule du quartier d&rsquo;isolement de la maison d&rsquo;arr\u00eat des Baumettes. \u00a0Incarc\u00e9r\u00e9 depuis peu, il purgeait une peine correctionnelle jusqu&rsquo;en 2016. Il avait \u00e9t\u00e9 plac\u00e9 &hellip; <a href=\"https:\/\/contrelenfermement.noblogs.org\/?p=1778\">Continuer la lecture <span class=\"meta-nav\">&rarr;<\/span><\/a><\/p>\n","protected":false},"author":5244,"featured_media":0,"comment_status":"open","ping_status":"open","sticky":false,"template":"","format":"standard","meta":{"footnotes":""},"categories":[10],"tags":[414,711,1527,246,370,1528,17,1324],"class_list":["post-1778","post","type-post","status-publish","format-standard","hentry","category-ils-ont-ete-tues","tag-baumettes","tag-correctionnelle","tag-draps","tag-mort","tag-pendaison","tag-sps","tag-suicide","tag-surveillants"],"_links":{"self":[{"href":"https:\/\/contrelenfermement.noblogs.org\/index.php?rest_route=\/wp\/v2\/posts\/1778","targetHints":{"allow":["GET"]}}],"collection":[{"href":"https:\/\/contrelenfermement.noblogs.org\/index.php?rest_route=\/wp\/v2\/posts"}],"about":[{"href":"https:\/\/contrelenfermement.noblogs.org\/index.php?rest_route=\/wp\/v2\/types\/post"}],"author":[{"embeddable":true,"href":"https:\/\/contrelenfermement.noblogs.org\/index.php?rest_route=\/wp\/v2\/users\/5244"}],"replies":[{"embeddable":true,"href":"https:\/\/contrelenfermement.noblogs.org\/index.php?rest_route=%2Fwp%2Fv2%2Fcomments&post=1778"}],"version-history":[{"count":4,"href":"https:\/\/contrelenfermement.noblogs.org\/index.php?rest_route=\/wp\/v2\/posts\/1778\/revisions"}],"predecessor-version":[{"id":1785,"href":"https:\/\/contrelenfermement.noblogs.org\/index.php?rest_route=\/wp\/v2\/posts\/1778\/revisions\/1785"}],"wp:attachment":[{"href":"https:\/\/contrelenfermement.noblogs.org\/index.php?rest_route=%2Fwp%2Fv2%2Fmedia&parent=1778"}],"wp:term":[{"taxonomy":"category","embeddable":true,"href":"https:\/\/contrelenfermement.noblogs.org\/index.php?rest_route=%2Fwp%2Fv2%2Fcategories&post=1778"},{"taxonomy":"post_tag","embeddable":true,"href":"https:\/\/contrelenfermement.noblogs.org\/index.php?rest_route=%2Fwp%2Fv2%2Ftags&post=1778"}],"curies":[{"name":"wp","href":"https:\/\/api.w.org\/{rel}","templated":true}]}}