{"id":1780,"date":"2014-10-01T10:00:51","date_gmt":"2014-10-01T09:00:51","guid":{"rendered":"http:\/\/contrelenfermement.noblogs.org\/?p=1780"},"modified":"2014-10-10T10:05:36","modified_gmt":"2014-10-10T09:05:36","slug":"indre-un-homme-detenu-dune-soixantaine-dannee-se-serait-suicide-par-pendaison-a-la-prison-de-saint-maur","status":"publish","type":"post","link":"https:\/\/contrelenfermement.noblogs.org\/?p=1780","title":{"rendered":"(Indre) Un homme d\u00e9tenu d&rsquo;une soixantaine d&rsquo;ann\u00e9e se serait suicid\u00e9 par pendaison \u00e0 la prison de Saint-Maur."},"content":{"rendered":"<p class=\"article-p mdl\">Un d\u00e9tenu d&rsquo;une soixantaine d&rsquo;ann\u00e9es<span class=\"Apple-converted-space\">\u00a0<\/span><strong>se serait suicid\u00e9 par pendaison le 24 septembre dernier<\/strong><span class=\"Apple-converted-space\">\u00a0<\/span>\u00e0 la prison de Saint-Maur (Indre), a-t-on appris lundi de source proche de l&rsquo;enqu\u00eate.<\/p>\n<div class=\"g-row page-wrap\">\n<div class=\"g-2cols mqm-g-2cols-stack cf\">\n<article class=\"g-2cols-main g-gutter\">\n<div id=\"article-section\" class=\"article-section\">\n<p>Le corps de l&rsquo;homme, d\u00e9tenu depuis trois ans \u00e0 Saint-Maur, a \u00e9t\u00e9 retrouv\u00e9 le matin du 24 septembre<strong><span class=\"Apple-converted-space\">\u00a0<\/span>par un surveillant de la Maison centrale qui proc\u00e9dait \u00e0 l&rsquo;ouverture des portes des cellules.<\/strong><\/p>\n<h3 class=\"article-title mdl\">Un massage cardique n&rsquo;a pas suffit \u00e0 ranimer le d\u00e9tenu<\/h3>\n<p class=\"article-p mdl\">Il \u00e9tait agenouill\u00e9 sous la fen\u00eatre de la cellule \u00e0 laquelle il s&rsquo;\u00e9tait pendu.<span class=\"Apple-converted-space\">\u00a0<\/span><strong>\u00ab\u00a0On pouvait penser qu&rsquo;il faisait sa pri\u00e8re\u00a0\u00bb<\/strong>, a expliqu\u00e9 une source proche de l&rsquo;enqu\u00eate.\u00a0En d\u00e9pit d&rsquo;un massage cardiaque pratiqu\u00e9 aussit\u00f4t le d\u00e9tenu n&rsquo;a pu \u00eatre ranim\u00e9.<\/p>\n<p>Les motifs de la condamnation de la personne et<strong><span class=\"Apple-converted-space\">\u00a0<\/span>la longueur de la peine qu&rsquo;il purgeait n&rsquo;ont pas \u00e9t\u00e9 pr\u00e9cis\u00e9es.<\/strong><\/p>\n<address>source : http:\/\/www.rtl.fr\/actu\/societe-faits-divers\/indre-un-detenu-se-suicide-a-la-prison-de-saint-maur-7774704977<\/address>\n<\/div>\n<\/article>\n<\/div>\n<\/div>\n","protected":false},"excerpt":{"rendered":"<p>Un d\u00e9tenu d&rsquo;une soixantaine d&rsquo;ann\u00e9es\u00a0se serait suicid\u00e9 par pendaison le 24 septembre dernier\u00a0\u00e0 la prison de Saint-Maur (Indre), a-t-on appris lundi de source proche de l&rsquo;enqu\u00eate. Le corps de l&rsquo;homme, d\u00e9tenu depuis trois ans \u00e0 Saint-Maur, a \u00e9t\u00e9 retrouv\u00e9 le &hellip; <a href=\"https:\/\/contrelenfermement.noblogs.org\/?p=1780\">Continuer la lecture <span class=\"meta-nav\">&rarr;<\/span><\/a><\/p>\n","protected":false},"author":5244,"featured_media":0,"comment_status":"open","ping_status":"open","sticky":false,"template":"","format":"standard","meta":{"footnotes":""},"categories":[10],"tags":[],"class_list":["post-1780","post","type-post","status-publish","format-standard","hentry","category-ils-ont-ete-tues"],"_links":{"self":[{"href":"https:\/\/contrelenfermement.noblogs.org\/index.php?rest_route=\/wp\/v2\/posts\/1780","targetHints":{"allow":["GET"]}}],"collection":[{"href":"https:\/\/contrelenfermement.noblogs.org\/index.php?rest_route=\/wp\/v2\/posts"}],"about":[{"href":"https:\/\/contrelenfermement.noblogs.org\/index.php?rest_route=\/wp\/v2\/types\/post"}],"author":[{"embeddable":true,"href":"https:\/\/contrelenfermement.noblogs.org\/index.php?rest_route=\/wp\/v2\/users\/5244"}],"replies":[{"embeddable":true,"href":"https:\/\/contrelenfermement.noblogs.org\/index.php?rest_route=%2Fwp%2Fv2%2Fcomments&post=1780"}],"version-history":[{"count":1,"href":"https:\/\/contrelenfermement.noblogs.org\/index.php?rest_route=\/wp\/v2\/posts\/1780\/revisions"}],"predecessor-version":[{"id":1782,"href":"https:\/\/contrelenfermement.noblogs.org\/index.php?rest_route=\/wp\/v2\/posts\/1780\/revisions\/1782"}],"wp:attachment":[{"href":"https:\/\/contrelenfermement.noblogs.org\/index.php?rest_route=%2Fwp%2Fv2%2Fmedia&parent=1780"}],"wp:term":[{"taxonomy":"category","embeddable":true,"href":"https:\/\/contrelenfermement.noblogs.org\/index.php?rest_route=%2Fwp%2Fv2%2Fcategories&post=1780"},{"taxonomy":"post_tag","embeddable":true,"href":"https:\/\/contrelenfermement.noblogs.org\/index.php?rest_route=%2Fwp%2Fv2%2Ftags&post=1780"}],"curies":[{"name":"wp","href":"https:\/\/api.w.org\/{rel}","templated":true}]}}