{"id":1789,"date":"2014-10-24T09:29:03","date_gmt":"2014-10-24T08:29:03","guid":{"rendered":"http:\/\/contrelenfermement.noblogs.org\/?p=1789"},"modified":"2014-10-24T09:29:03","modified_gmt":"2014-10-24T08:29:03","slug":"concert-pour-les-prisonniers-de-villiers-le-bel","status":"publish","type":"post","link":"https:\/\/contrelenfermement.noblogs.org\/?p=1789","title":{"rendered":"CONCERT POUR LES PRISONNIERS DE VILLIERS-LE-BEL"},"content":{"rendered":"<p><strong>Titre: <\/strong>CONCERT POUR LES PRISONNIERS DE VILLIERS-LE-BEL<br \/><strong>Lieu: <\/strong>La parole Errante\/ Rue Fran\u00e7ois Debergue\/ Croix de chavaux ( montreuil )<br \/><strong>Lien vers: <\/strong><a href=\"http:\/\/critiqueshh.canalblog.com\/\" target=\"_blanck\">Cliquer ici<\/a><br \/><strong>Description: <\/strong>Cet \u00e9venement s&rsquo;inscrit dans la suite de diff\u00e9rentes actions de soutien aux fr\u00e8res Kamara de Villiers le Bel, incarc\u00e9r\u00e9s suite aux r\u00e9voltes de 2007, provoqu\u00e9es par le d\u00e9c\u00e8s de Lakhami Samoura et de Moushin Sehhouli, percut\u00e9s par une voiture de police.<br \/>\n *<br \/>\nCette ann\u00e9e, le samedi 15 novembre 2014, nous avons pr\u00e9vu un apr\u00e8s-midi familial de 14h \u00e0 18h avec une initiation \u00e0 la boxe anglaise pour les ados, en partenariat avec un club de boxe local, un atelier d&rsquo;\u00e9criture rap avec restitution sur sc\u00e8ne, et un espace pour les graffeurs.<br \/>\n*<br \/>\nA 18h, nous organisons une discussion autour du livre \u00ab\u00a0Permis de tuer. Chronique de l&rsquo;impunit\u00e9 polici\u00e8re\u00a0\u00bb avec les familles qui seront pr\u00e9sentes, le collectif Angles Morts et le public. Ce sera l&rsquo;occasion pour chacun d&rsquo;entre nous de t\u00e9moigner, et de r\u00e9fl\u00e9chir ensemble \u00e0 la mani\u00e8re dont on peut collectivement s&rsquo;organiser face aux violences et crimes policiers.<br \/>\n*<br \/>\nLe concert de soutien commencera vers 20h, avec des groupes de rap qui viennent de Montreuil, St denis, Villiers le Bel, Vitry sur Seine et Paris.<br \/>\n*<br \/>\nIl sera possible de se restaurer toute la journ\u00e9e (g\u00e2teaux, barbeuc, boisson, etc).<br \/>\nTable de presse et d&rsquo;infos sont pr\u00e9vus.<br \/>\n*<br \/>\n*<br \/>\nLE MEME JOUR UNE MOBILISATION EST PREVUE DEVANT LE MINISTERE DE L&rsquo;INTERIEUR POUR DENONCER LES ABUS POLICIERS<br \/>\nA lire : http:\/\/atouteslesvictimes.samizdat.net\/?p=1351<br \/>\n <br \/><strong>Date d\u00e9but: <\/strong>2014-11-15<br \/><strong>Heure d\u00e9but: <\/strong>14:00<br \/><strong>Date fin: <\/strong>2014-11-16<br \/><strong>Heure fin: <\/strong>01:00<\/p>\n","protected":false},"excerpt":{"rendered":"<p>Titre: CONCERT POUR LES PRISONNIERS DE VILLIERS-LE-BELLieu: La parole Errante\/ Rue Fran\u00e7ois Debergue\/ Croix de chavaux ( montreuil )Lien vers: Cliquer iciDescription: Cet \u00e9venement s&rsquo;inscrit dans la suite de diff\u00e9rentes actions de soutien aux fr\u00e8res Kamara de Villiers le Bel, &hellip; <a href=\"https:\/\/contrelenfermement.noblogs.org\/?p=1789\">Continuer la lecture <span class=\"meta-nav\">&rarr;<\/span><\/a><\/p>\n","protected":false},"author":5244,"featured_media":0,"comment_status":"open","ping_status":"open","sticky":false,"template":"","format":"standard","meta":{"footnotes":""},"categories":[1],"tags":[],"class_list":["post-1789","post","type-post","status-publish","format-standard","hentry","category-general"],"_links":{"self":[{"href":"https:\/\/contrelenfermement.noblogs.org\/index.php?rest_route=\/wp\/v2\/posts\/1789","targetHints":{"allow":["GET"]}}],"collection":[{"href":"https:\/\/contrelenfermement.noblogs.org\/index.php?rest_route=\/wp\/v2\/posts"}],"about":[{"href":"https:\/\/contrelenfermement.noblogs.org\/index.php?rest_route=\/wp\/v2\/types\/post"}],"author":[{"embeddable":true,"href":"https:\/\/contrelenfermement.noblogs.org\/index.php?rest_route=\/wp\/v2\/users\/5244"}],"replies":[{"embeddable":true,"href":"https:\/\/contrelenfermement.noblogs.org\/index.php?rest_route=%2Fwp%2Fv2%2Fcomments&post=1789"}],"version-history":[{"count":0,"href":"https:\/\/contrelenfermement.noblogs.org\/index.php?rest_route=\/wp\/v2\/posts\/1789\/revisions"}],"wp:attachment":[{"href":"https:\/\/contrelenfermement.noblogs.org\/index.php?rest_route=%2Fwp%2Fv2%2Fmedia&parent=1789"}],"wp:term":[{"taxonomy":"category","embeddable":true,"href":"https:\/\/contrelenfermement.noblogs.org\/index.php?rest_route=%2Fwp%2Fv2%2Fcategories&post=1789"},{"taxonomy":"post_tag","embeddable":true,"href":"https:\/\/contrelenfermement.noblogs.org\/index.php?rest_route=%2Fwp%2Fv2%2Ftags&post=1789"}],"curies":[{"name":"wp","href":"https:\/\/api.w.org\/{rel}","templated":true}]}}