{"id":1829,"date":"2015-04-28T23:16:49","date_gmt":"2015-04-28T22:16:49","guid":{"rendered":"http:\/\/contrelenfermement.noblogs.org\/?p=1829"},"modified":"2015-05-03T23:18:17","modified_gmt":"2015-05-03T22:18:17","slug":"emission-frontline-du-24-avril-2015-invite-collectif-unitaire-de-soutien-a-mumia-abu-jamal","status":"publish","type":"post","link":"https:\/\/contrelenfermement.noblogs.org\/?p=1829","title":{"rendered":"Emission &lsquo;Frontline&rsquo; du 24 avril 2015, invit\u00e9: Collectif unitaire de soutien \u00e0 Mumia Abu-Jamal"},"content":{"rendered":"<div class=\"entry-content instapaper_body\"><br id=\"sep_para_1\" class=\"sep_para access\" \/><\/p>\n<div id=\"para_1\" class=\"para_11944245 resize\">\n<div class=\"photo shadow left\"><a title=\"Emission 'Frontline' du 24 avril 2015, invit\u00e9: Collectif unitaire de soutien \u00e0 Mumia Abu-Jamal\" rel=\"http:\/\/www.bboykonsian.com\/photo\/art\/grande\/7718139-11944245.jpg?v=1310144093&amp;ibox\"><img decoding=\"async\" title=\"Emission 'Frontline' du 24 avril 2015, invit\u00e9: Collectif unitaire de soutien \u00e0 Mumia Abu-Jamal\" src=\"http:\/\/www.bboykonsian.com\/photo\/art\/default\/7718139-11944245.jpg?v=1310144094\" alt=\"Emission 'Frontline' du 24 avril 2015, invit\u00e9: Collectif unitaire de soutien \u00e0 Mumia Abu-Jamal\" \/><\/a><\/div>\n<div class=\"texte\">\n<div class=\"access firstletter\">\nVoici l&rsquo;\u00e9mission \u00ab\u00a0Frontline\u00a0\u00bb du 24 avril 2015 avec Claude, membre du collectif unitaire de soutien \u00e0 Mumia Abu-Jamal.<span class=\"Apple-converted-space\">\u00a0<\/span><\/p>\n<p>Site :<span class=\"Apple-converted-space\">\u00a0<\/span><a class=\"liens\" href=\"http:\/\/mumiabujamal.com\/\">http:\/\/mumiabujamal.com<\/a><span class=\"Apple-converted-space\">\u00a0<\/span><\/p>\n<p>Livres :<span class=\"Apple-converted-space\">\u00a0<\/span><br \/>\n&#8211; We want freedom. Une vie dans le parti des Black Panthers. Mumia Abu-Jamal (Le temps des cerises)<span class=\"Apple-converted-space\">\u00a0<\/span><br \/>\n&#8211; En direct du couloir de la mort. Mumia Abu-Jamal (La D\u00e9couverte)<span class=\"Apple-converted-space\">\u00a0<\/span><br \/>\n&#8211; Condamn\u00e9 au silence. Mumia Abu-Jamal (La D\u00e9couverte)<span class=\"Apple-converted-space\">\u00a0<\/span><br \/>\n&#8211; Un homme libre dans le couloir de la mort. Claude Guillaumaud-Pujol, Mumia Abu-Jamal (Le temps des cerises)<span class=\"Apple-converted-space\">\u00a0<\/span><\/p>\n<p>Documentaires :<span class=\"Apple-converted-space\">\u00a0<\/span><br \/>\n&#8211; Toute ma vie en prison. Marc Evans &#8211; 2011<span class=\"Apple-converted-space\">\u00a0<\/span><br \/>\n&#8211; Un Mumia, des Mumia. J\u00e9r\u00f4me Champion &#8211; 2001<span class=\"Apple-converted-space\">\u00a0<\/span><\/p>\n<p><span class=\"u\">Tracklist<\/span><span class=\"Apple-converted-space\">\u00a0<\/span>:<span class=\"Apple-converted-space\">\u00a0<\/span><\/p>\n<p>1) Betty Everett \u00ab\u00a0There&rsquo;ll come a time\u00a0\u00bb<span class=\"Apple-converted-space\">\u00a0<\/span><br \/>\n2) The Unbound Allstars \u00ab\u00a0Mumia 911\u00a0\u00bb<span class=\"Apple-converted-space\">\u00a0<\/span><br \/>\n3) Intifada \u00ab\u00a0El fuego de Chicago\u00a0\u00bb<span class=\"Apple-converted-space\">\u00a0<\/span><\/p>\n<p>Pour t\u00e9l\u00e9charger l&rsquo;\u00e9mission, cliquez droit et enregistrez sous ici :<span class=\"Apple-converted-space\">\u00a0<\/span><a class=\"liens\" href=\"http:\/\/lignedefront.free.fr\/frontline_24avril2015.mp3\">Frontline &#8211; 24 avril 2015<\/a><span class=\"Apple-converted-space\">\u00a0<\/span><\/p>\n<p>Pour \u00e9couter l&rsquo;\u00e9mission :<\/p><\/div>\n<\/div>\n<p class=\"pj\"><img decoding=\"async\" class=\"image\" src=\"http:\/\/www.bboykonsian.com\/_images\/ext\/icon_mp3.gif\" alt=\"http:\/\/lignedefront.free.fr\/frontline_24avril2015.mp3\" \/><span class=\"Apple-converted-space\">\u00a0<\/span><a class=\"pj\" href=\"http:\/\/lignedefront.free.fr\/frontline_24avril2015.mp3\" target=\"_blank\">Emission &lsquo;Frontline&rsquo; du 24 avril 2015, invit\u00e9: Collectif unitaire de soutien \u00e0 Mumia Abu-Jamal <\/a><br \/>\n<span id=\"div_podcast_571936_6519338\"> <\/span><\/p>\n<\/div>\n<p><br id=\"sep_para_2\" class=\"sep_para access\" \/><\/p>\n<div id=\"para_2\" class=\"para_11944246 resize\">\n<div class=\"texte\">\n<div class=\"access firstletter\">Retrouvez les photos de l&rsquo;\u00e9mission ici:<span class=\"Apple-converted-space\">\u00a0<\/span><a class=\"liens\" href=\"http:\/\/www.bboykonsian.com\/photos\/Emission-Frontline-du-24-avril-2015-invite-Collectif-unitaire-de-soutien-a-Mumia-Abu-Jamal_ga189840.html\">www.bboykonsian.com\/photos\/Emission-Frontline-du-24-avril-2015-invite-Collectif-unitaire-de-soutien-a-Mumia-Abu-Jamal_ga189840.html<\/a><\/div>\n<\/div>\n<\/div>\n<\/div>\n","protected":false},"excerpt":{"rendered":"<p>Voici l&rsquo;\u00e9mission \u00ab\u00a0Frontline\u00a0\u00bb du 24 avril 2015 avec Claude, membre du collectif unitaire de soutien \u00e0 Mumia Abu-Jamal.\u00a0 Site :\u00a0http:\/\/mumiabujamal.com\u00a0 Livres :\u00a0 &#8211; We want freedom. Une vie dans le parti des Black Panthers. Mumia Abu-Jamal (Le temps des cerises)\u00a0 &hellip; <a href=\"https:\/\/contrelenfermement.noblogs.org\/?p=1829\">Continuer la lecture <span class=\"meta-nav\">&rarr;<\/span><\/a><\/p>\n","protected":false},"author":5244,"featured_media":0,"comment_status":"open","ping_status":"open","sticky":false,"template":"","format":"standard","meta":{"footnotes":""},"categories":[240],"tags":[646,1586,1587,1585,1584,1582,1581,15,1583],"class_list":["post-1829","post","type-post","status-publish","format-standard","hentry","category-sons","tag-bboykonsian","tag-chicago","tag-frontline","tag-jerome-champion","tag-marc-evans","tag-mumia","tag-mumia-abu-jaml","tag-prison","tag-toute-ma-vie"],"_links":{"self":[{"href":"https:\/\/contrelenfermement.noblogs.org\/index.php?rest_route=\/wp\/v2\/posts\/1829","targetHints":{"allow":["GET"]}}],"collection":[{"href":"https:\/\/contrelenfermement.noblogs.org\/index.php?rest_route=\/wp\/v2\/posts"}],"about":[{"href":"https:\/\/contrelenfermement.noblogs.org\/index.php?rest_route=\/wp\/v2\/types\/post"}],"author":[{"embeddable":true,"href":"https:\/\/contrelenfermement.noblogs.org\/index.php?rest_route=\/wp\/v2\/users\/5244"}],"replies":[{"embeddable":true,"href":"https:\/\/contrelenfermement.noblogs.org\/index.php?rest_route=%2Fwp%2Fv2%2Fcomments&post=1829"}],"version-history":[{"count":1,"href":"https:\/\/contrelenfermement.noblogs.org\/index.php?rest_route=\/wp\/v2\/posts\/1829\/revisions"}],"predecessor-version":[{"id":1830,"href":"https:\/\/contrelenfermement.noblogs.org\/index.php?rest_route=\/wp\/v2\/posts\/1829\/revisions\/1830"}],"wp:attachment":[{"href":"https:\/\/contrelenfermement.noblogs.org\/index.php?rest_route=%2Fwp%2Fv2%2Fmedia&parent=1829"}],"wp:term":[{"taxonomy":"category","embeddable":true,"href":"https:\/\/contrelenfermement.noblogs.org\/index.php?rest_route=%2Fwp%2Fv2%2Fcategories&post=1829"},{"taxonomy":"post_tag","embeddable":true,"href":"https:\/\/contrelenfermement.noblogs.org\/index.php?rest_route=%2Fwp%2Fv2%2Ftags&post=1829"}],"curies":[{"name":"wp","href":"https:\/\/api.w.org\/{rel}","templated":true}]}}