{"id":1901,"date":"2016-07-20T18:49:11","date_gmt":"2016-07-20T17:49:11","guid":{"rendered":"http:\/\/contrelenfermement.noblogs.org\/?p=1901"},"modified":"2016-08-14T19:07:25","modified_gmt":"2016-08-14T18:07:25","slug":"la-france-bat-une-nouvelle-fois-son-record-de-detenus","status":"publish","type":"post","link":"https:\/\/contrelenfermement.noblogs.org\/?p=1901","title":{"rendered":"La France bat une nouvelle fois son record de d\u00e9tenus"},"content":{"rendered":"<h1 class=\"tt2\"><\/h1>\n<div id=\"articleBody\" class=\"contenu_article js_article_body\">\n<p class=\"illustration_haut   \">69\u00a0375 personnes \u00e9taient d\u00e9tenues dans les <a class=\"lien_interne rub\" title=\"Toute l\u2019actualit\u00e9 prisons\" href=\"http:\/\/www.lemonde.fr\/prisons\/\">prisons<\/a> fran\u00e7aises au 1<sup>er<\/sup>\u00a0juillet, pour 58\u00a0311\u00a0places \u00ab\u00a0op\u00e9rationnelles\u00a0\u00bb (disponibles), <a href=\"http:\/\/www.lemonde.fr\/police-justice\/article\/2016\/07\/19\/nouveau-record-du-nombre-de-detenus-au-1er-juillet-avec-69-375-personnes-incarcerees_4971827_1653578.html\">un record absolu, selon le minist\u00e8re de la justice. <\/a>Jamais les prisons fran\u00e7aises n\u2019ont \u00e9t\u00e9 aussi remplies.<\/p>\n<p>Les prisonniers fran\u00e7ais sont tr\u00e8s massivement des hommes majeurs. On ne compte que 643\u00a0mineurs \u00e9crou\u00e9s en m\u00e9tropole, et 2\u00a0650\u00a0femmes, soit 3,5\u00a0% de la <a class=\"lien_interne rub\" title=\"Toute l\u2019actualit\u00e9 population\" href=\"http:\/\/www.lemonde.fr\/demographie\/\">population<\/a> carc\u00e9rale.<\/p>\n<p>&nbsp;<\/p>\n<\/div>\n<h4>\nEn savoir plus sur http:\/\/www.lemonde.fr\/les-decodeurs\/article\/2016\/07\/19\/la-france-bat-une-nouvelle-fois-son-record-de-detenus_4971928_4355770.html#2x5qQgbhq3SsoCLp.99<\/h4>\n","protected":false},"excerpt":{"rendered":"<p>69\u00a0375 personnes \u00e9taient d\u00e9tenues dans les prisons fran\u00e7aises au 1er\u00a0juillet, pour 58\u00a0311\u00a0places \u00ab\u00a0op\u00e9rationnelles\u00a0\u00bb (disponibles), un record absolu, selon le minist\u00e8re de la justice. Jamais les prisons fran\u00e7aises n\u2019ont \u00e9t\u00e9 aussi remplies. Les prisonniers fran\u00e7ais sont tr\u00e8s massivement des hommes majeurs. &hellip; <a href=\"https:\/\/contrelenfermement.noblogs.org\/?p=1901\">Continuer la lecture <span class=\"meta-nav\">&rarr;<\/span><\/a><\/p>\n","protected":false},"author":5244,"featured_media":0,"comment_status":"open","ping_status":"open","sticky":false,"template":"","format":"standard","meta":{"footnotes":""},"categories":[68],"tags":[338,164,75,236,529,1676,163,15,760,1678,1677,383],"class_list":["post-1901","post","type-post","status-publish","format-standard","hentry","category-actualites-informations","tag-administration","tag-carcerale","tag-detenus","tag-france","tag-homme","tag-majeur","tag-population","tag-prison","tag-prisonniers","tag-record","tag-rempli","tag-surpopulation"],"_links":{"self":[{"href":"https:\/\/contrelenfermement.noblogs.org\/index.php?rest_route=\/wp\/v2\/posts\/1901","targetHints":{"allow":["GET"]}}],"collection":[{"href":"https:\/\/contrelenfermement.noblogs.org\/index.php?rest_route=\/wp\/v2\/posts"}],"about":[{"href":"https:\/\/contrelenfermement.noblogs.org\/index.php?rest_route=\/wp\/v2\/types\/post"}],"author":[{"embeddable":true,"href":"https:\/\/contrelenfermement.noblogs.org\/index.php?rest_route=\/wp\/v2\/users\/5244"}],"replies":[{"embeddable":true,"href":"https:\/\/contrelenfermement.noblogs.org\/index.php?rest_route=%2Fwp%2Fv2%2Fcomments&post=1901"}],"version-history":[{"count":1,"href":"https:\/\/contrelenfermement.noblogs.org\/index.php?rest_route=\/wp\/v2\/posts\/1901\/revisions"}],"predecessor-version":[{"id":1902,"href":"https:\/\/contrelenfermement.noblogs.org\/index.php?rest_route=\/wp\/v2\/posts\/1901\/revisions\/1902"}],"wp:attachment":[{"href":"https:\/\/contrelenfermement.noblogs.org\/index.php?rest_route=%2Fwp%2Fv2%2Fmedia&parent=1901"}],"wp:term":[{"taxonomy":"category","embeddable":true,"href":"https:\/\/contrelenfermement.noblogs.org\/index.php?rest_route=%2Fwp%2Fv2%2Fcategories&post=1901"},{"taxonomy":"post_tag","embeddable":true,"href":"https:\/\/contrelenfermement.noblogs.org\/index.php?rest_route=%2Fwp%2Fv2%2Ftags&post=1901"}],"curies":[{"name":"wp","href":"https:\/\/api.w.org\/{rel}","templated":true}]}}