{"id":1945,"date":"2018-08-02T21:14:24","date_gmt":"2018-08-02T20:14:24","guid":{"rendered":"https:\/\/contrelenfermement.noblogs.org\/?p=1945"},"modified":"2018-08-02T21:14:24","modified_gmt":"2018-08-02T20:14:24","slug":"rassemblement-en-hommage-a-lucas-harel-mort-dans-la-prison-de-fleury-merogis","status":"publish","type":"post","link":"https:\/\/contrelenfermement.noblogs.org\/?p=1945","title":{"rendered":"Rassemblement en hommage \u00e0 Lucas Harel, mort dans la prison de Fleury-M\u00e9rogis."},"content":{"rendered":"<div class=\"crayon article-descriptif-10649 chapo\">\n<p>Samedi 4\u00a0ao\u00fbt \u00e0 10h se tiendra un rassemblement en hommage \u00e0 Lucas Harel devant la Maison d\u2019Arr\u00eat de Fleury M\u00e9rogis.\u00a0<a class=\"spip_in\" href=\"https:\/\/paris-luttes.info\/encore-un-mort-a-fleury-10642\">Lucas Harel est mort samedi 21\u00a0juillet \u00e0 Fleury-M\u00e9rogis<\/a>, certainement apr\u00e8s un passage \u00e0 tabac par les m\u00e2tons. Ses proches exigent la v\u00e9rit\u00e9 et la justice. Ce rassemblement aura lieu apr\u00e8s un premier rassemblement le mardi 24, et une\u00a0<a class=\"spip_in\" href=\"https:\/\/paris-luttes.info\/epinay-senart-marche-pour-lucas-10643\">marche \u00e0 \u00c9pinay-sous-S\u00e9nart samedi dernier<\/a>.<\/p>\n<\/div>\n<div class=\"cartouche article-head col-lg-11\">\n<div class=\"surlignable\">\n<div class=\"crayon article-texte-10649 texte-principal text\">\n<p>Les organisateur-ices invitent celleux qui souhaitent venir, soit \u00e0 se rendre directement devant la maison d\u2019arr\u00eat de Fleury-M\u00e9rogis, soit \u00e0 aller \u00e0 9h30 place des Cin\u00e9astes (sur le parvis de l\u2019ex all\u00e9e Abel Glance) \u00e0 Epinay-sous-S\u00e9nart, v\u00e9hicul\u00e9-e ou non. Aussi, iels incitent \u00e0 porter des v\u00eatements noirs, \u00e9ventuellement blancs.<\/p>\n<p>Justice pour Lucas<\/p>\n<\/div>\n<\/div>\n<div class=\"ps\">\n<h4>P.-S.<\/h4>\n<div class=\"crayon article-ps-10649 surlignable\">\n<p>La page fb\u00a0<a class=\"spip_out\" href=\"https:\/\/www.facebook.com\/Justice-Pour-Lucas-1436584773139683\/\" rel=\"external\">justice pour Lucas.<\/a><br class=\"autobr\" \/><a class=\"spip_out\" href=\"https:\/\/www.leetchi.com\/c\/un-frere-decede-en-prison-laissent-sa-mere-completement-seul-une-aide-pour-la-soutenir\" rel=\"external\">La cagnotte pour aider la famille<\/a><\/p>\n<\/div>\n<\/div>\n<\/div>\n","protected":false},"excerpt":{"rendered":"<p>Samedi 4\u00a0ao\u00fbt \u00e0 10h se tiendra un rassemblement en hommage \u00e0 Lucas Harel devant la Maison d\u2019Arr\u00eat de Fleury M\u00e9rogis.\u00a0Lucas Harel est mort samedi 21\u00a0juillet \u00e0 Fleury-M\u00e9rogis, certainement apr\u00e8s un passage \u00e0 tabac par les m\u00e2tons. Ses proches exigent la &hellip; <a href=\"https:\/\/contrelenfermement.noblogs.org\/?p=1945\">Continuer la lecture <span class=\"meta-nav\">&rarr;<\/span><\/a><\/p>\n","protected":false},"author":5244,"featured_media":0,"comment_status":"open","ping_status":"open","sticky":false,"template":"","format":"standard","meta":{"footnotes":""},"categories":[204,8],"tags":[],"class_list":["post-1945","post","type-post","status-publish","format-standard","hentry","category-appel-a-soutien","category-initiatives"],"_links":{"self":[{"href":"https:\/\/contrelenfermement.noblogs.org\/index.php?rest_route=\/wp\/v2\/posts\/1945","targetHints":{"allow":["GET"]}}],"collection":[{"href":"https:\/\/contrelenfermement.noblogs.org\/index.php?rest_route=\/wp\/v2\/posts"}],"about":[{"href":"https:\/\/contrelenfermement.noblogs.org\/index.php?rest_route=\/wp\/v2\/types\/post"}],"author":[{"embeddable":true,"href":"https:\/\/contrelenfermement.noblogs.org\/index.php?rest_route=\/wp\/v2\/users\/5244"}],"replies":[{"embeddable":true,"href":"https:\/\/contrelenfermement.noblogs.org\/index.php?rest_route=%2Fwp%2Fv2%2Fcomments&post=1945"}],"version-history":[{"count":1,"href":"https:\/\/contrelenfermement.noblogs.org\/index.php?rest_route=\/wp\/v2\/posts\/1945\/revisions"}],"predecessor-version":[{"id":1946,"href":"https:\/\/contrelenfermement.noblogs.org\/index.php?rest_route=\/wp\/v2\/posts\/1945\/revisions\/1946"}],"wp:attachment":[{"href":"https:\/\/contrelenfermement.noblogs.org\/index.php?rest_route=%2Fwp%2Fv2%2Fmedia&parent=1945"}],"wp:term":[{"taxonomy":"category","embeddable":true,"href":"https:\/\/contrelenfermement.noblogs.org\/index.php?rest_route=%2Fwp%2Fv2%2Fcategories&post=1945"},{"taxonomy":"post_tag","embeddable":true,"href":"https:\/\/contrelenfermement.noblogs.org\/index.php?rest_route=%2Fwp%2Fv2%2Ftags&post=1945"}],"curies":[{"name":"wp","href":"https:\/\/api.w.org\/{rel}","templated":true}]}}