{"id":238,"date":"2012-06-02T14:06:35","date_gmt":"2012-06-02T12:06:35","guid":{"rendered":"http:\/\/contrelenfermement.noblogs.org\/?p=238"},"modified":"2012-06-02T14:06:35","modified_gmt":"2012-06-02T12:06:35","slug":"prison-de-poissy-un-detenu-porte-plainte-contre-un-surveillant-pour-violences","status":"publish","type":"post","link":"https:\/\/contrelenfermement.noblogs.org\/?p=238","title":{"rendered":"Prison de Poissy-Un d\u00e9tenu porte plainte contre un surveillant pour \u00ab\u00a0violences\u00a0\u00bb"},"content":{"rendered":"<div>\n<div><img decoding=\"async\" src=\"http:\/\/static.lexpress.fr\/medias\/1560\/798726_une-prison-francaise-le-13-octobre-2011.jpg\" alt=\"Un d\u00e9tenu porte plainte contre un surveillant pour &quot;violences&quot;\" \/><\/p>\n<address><em>Prison de Poissy.<\/em><\/address>\n<p>&nbsp;<\/p>\n<\/div>\n<\/div>\n<div>\n<p>Dans sa plainte, le d\u00e9tenu, estime avoir fait l&rsquo;objet, au sein de la maison centrale de Poissy, d&rsquo;un mauvais traitement de la part d&rsquo;un surveillant. Il a \u00e9galement port\u00e9 plainte contre un autre surveillant et le directeur de la prison pour non-assistance \u00e0 personnes en danger.<\/p>\n<\/div>\n<p>Un d\u00e9tenu de la centrale de Poissy (Yvelines) a port\u00e9 <a href=\"http:\/\/www.lexpress.fr\/actualite\/societe\/prison-la-societe-ne-veut-plus-reconnaitre-ses-enfants-rates_1085287.html\" target=\"_self\">plainte contre un surveillant pour \u00ab\u00a0violences volontaires<\/a>\u00ab\u00a0. Dans sa plainte, le d\u00e9tenu, \u00e2g\u00e9 de 43 ans, estime avoir fait l&rsquo;objet le 22 mai au sein de la maison centrale de Poissy \u00ab\u00a0d&rsquo;une agression d&rsquo;une particuli\u00e8re gravit\u00e9 de la part d&rsquo;un <a href=\"http:\/\/www.lexpress.fr\/actualite\/politique\/vallini-veut-des-prisons-a-taille-humaine-au-coeur-des-villes_1105042.html\" target=\"_self\">surveillant de l&rsquo;administration p\u00e9nitentiaire<\/a>\u00ab\u00a0.<\/p>\n<p>Il a fait constat\u00e9 le jour m\u00eame ses blessures \u00e0 un m\u00e9decin, qui a observ\u00e9 \u00ab\u00a0une plaie superficielle de la l\u00e8vre sup\u00e9rieure gauche de 2 cm non suturable, une entorse de la dent 21 qui est mobile, des contusions superficielles lat\u00e9rales au niveau de la face gauche du cou (2 sutures de 4 cm), des traces rouges superficielles au niveau du thorax, partie ant\u00e9rieure des 4 et 5 cotes gauche et droite\u00a0\u00bb.<\/p>\n<p>Le d\u00e9tenu a \u00e9t\u00e9 transf\u00e9r\u00e9<\/p>\n<p>Il vise \u00e9galement dans sa plainte, pour des faits de \u00ab\u00a0non-assistance \u00e0 personne en danger\u00a0\u00bb, un autre surveillant et le directeur-adjoint de la <a href=\"http:\/\/www.lexpress.fr\/actualite\/societe\/un-renouvellement-du-parc-penitentiaire-ne-signifie-pas-une-amelioration_1088646.html\" target=\"_self\">prison<\/a>.<\/p>\n<p>Apr\u00e8s les faits, le d\u00e9tenu avait \u00e9t\u00e9 plac\u00e9 \u00e0 l&rsquo;isolement, avant d&rsquo;\u00eatre transf\u00e9r\u00e9 le 31 mai \u00e0 la maison d&rsquo;arr\u00eat de Bois-d&rsquo;Arcy, toujours dans les Yvelines, a pr\u00e9cis\u00e9 Me Arak\u00e9lian. La direction interr\u00e9gionale des services p\u00e9nitentiaires de Paris n&rsquo;a pas pu \u00eatre jointe dans l&rsquo;imm\u00e9diat. La centrale de Poissy, dont la capacit\u00e9 d&rsquo;accueil est de 230 places, abrite des d\u00e9tenus condamn\u00e9s \u00e0 de longues peines.<\/p>\n<p>&nbsp;<\/p>\n<p>&nbsp;<\/p>\n<address>Source :\u00a0 l&rsquo;express avec l&rsquo;<img decoding=\"async\" src=\"http:\/\/static.lexpress.fr\/imgstat\/article\/icons\/fpa.png\" alt=\"\" \/><\/address>\n","protected":false},"excerpt":{"rendered":"<p>Prison de Poissy. &nbsp; Dans sa plainte, le d\u00e9tenu, estime avoir fait l&rsquo;objet, au sein de la maison centrale de Poissy, d&rsquo;un mauvais traitement de la part d&rsquo;un surveillant. Il a \u00e9galement port\u00e9 plainte contre un autre surveillant et le &hellip; <a href=\"https:\/\/contrelenfermement.noblogs.org\/?p=238\">Continuer la lecture <span class=\"meta-nav\">&rarr;<\/span><\/a><\/p>\n","protected":false},"author":5244,"featured_media":0,"comment_status":"open","ping_status":"open","sticky":false,"template":"","format":"standard","meta":{"footnotes":""},"categories":[68,3],"tags":[177,104,44,179,175,15,180,178,176],"class_list":["post-238","post","type-post","status-publish","format-standard","hentry","category-actualites-informations","category-prisons","tag-177","tag-bois-darcy","tag-maton","tag-plainte","tag-poissy","tag-prison","tag-surveillant","tag-violente","tag-yvelines"],"_links":{"self":[{"href":"https:\/\/contrelenfermement.noblogs.org\/index.php?rest_route=\/wp\/v2\/posts\/238","targetHints":{"allow":["GET"]}}],"collection":[{"href":"https:\/\/contrelenfermement.noblogs.org\/index.php?rest_route=\/wp\/v2\/posts"}],"about":[{"href":"https:\/\/contrelenfermement.noblogs.org\/index.php?rest_route=\/wp\/v2\/types\/post"}],"author":[{"embeddable":true,"href":"https:\/\/contrelenfermement.noblogs.org\/index.php?rest_route=\/wp\/v2\/users\/5244"}],"replies":[{"embeddable":true,"href":"https:\/\/contrelenfermement.noblogs.org\/index.php?rest_route=%2Fwp%2Fv2%2Fcomments&post=238"}],"version-history":[{"count":2,"href":"https:\/\/contrelenfermement.noblogs.org\/index.php?rest_route=\/wp\/v2\/posts\/238\/revisions"}],"predecessor-version":[{"id":240,"href":"https:\/\/contrelenfermement.noblogs.org\/index.php?rest_route=\/wp\/v2\/posts\/238\/revisions\/240"}],"wp:attachment":[{"href":"https:\/\/contrelenfermement.noblogs.org\/index.php?rest_route=%2Fwp%2Fv2%2Fmedia&parent=238"}],"wp:term":[{"taxonomy":"category","embeddable":true,"href":"https:\/\/contrelenfermement.noblogs.org\/index.php?rest_route=%2Fwp%2Fv2%2Fcategories&post=238"},{"taxonomy":"post_tag","embeddable":true,"href":"https:\/\/contrelenfermement.noblogs.org\/index.php?rest_route=%2Fwp%2Fv2%2Ftags&post=238"}],"curies":[{"name":"wp","href":"https:\/\/api.w.org\/{rel}","templated":true}]}}