{"id":268,"date":"2012-01-08T23:21:34","date_gmt":"2012-01-08T22:21:34","guid":{"rendered":"http:\/\/contrelenfermement.noblogs.org\/?p=268"},"modified":"2012-06-08T23:31:12","modified_gmt":"2012-06-08T22:31:12","slug":"garde-a-vie-par-abdel-hafed-benotman","status":"publish","type":"post","link":"https:\/\/contrelenfermement.noblogs.org\/?p=268","title":{"rendered":"Garde \u00e0 vie, par Abdel Hafed Benotman"},"content":{"rendered":"<p>D\u00e8s 14 ans Hugues a \u00e9t\u00e9 pris en flagrant d\u00e9lit de rod\u00e9o avec une voiture vol\u00e9e et plac\u00e9 en garde \u00e0 vue. Le policier charg\u00e9 de l&rsquo;interroger le presse de d\u00e9noncer le copain qui \u00e9tait au volant. Mais il ne c\u00e8de pas. En prison, Hugues partage la cellule d&rsquo;un d\u00e9nomm\u00e9 Jean qui lui en fait baver des ronds de chapeau : racket, humiliations, cruaut\u00e9s, menaces sur sa m\u00e8re&#8230; A quinze ans, l&rsquo;ado se trouve d\u00e9muni face \u00e0 ce jeune homme coriace, pr\u00eat \u00e0 tout pour imposer sa loi. Alors la peur devient sa came quotidienne. Le gar\u00e7on va-t-il craquer et d\u00e9noncer son complice pour sortir de l&rsquo;enfer ? Tout bascule quand Hugues entre dans un d\u00e9lire de fi\u00e8vre, flottant dans des cauchemars hyperr\u00e9alistes sur l&rsquo;univers p\u00e9nitentiaire. Ce texte tr\u00e8s fort rend compte de la violence et de la solitude subies par les d\u00e9tenus. L&rsquo;auteur, qui a connu la prison d\u00e8s l&rsquo;\u00e2ge de seize ans, met en garde contre cette machine \u00e0 broyer les adolescents, au-del\u00e0 du fantasme que peut leur procurer le milieu des ca\u00efds. Une \u00e9criture puissante et po\u00e9tique, rythm\u00e9e comme les slams que s&rsquo;invente l&rsquo;oisillon en cage pour crier sa peine &#8211; tel ce proverbe en ouverture : \u00ab\u00a0La prison ? La 1re fois ? C&rsquo;est la le\u00e7on. La 2e fois ? La punition. La 3e fois ? C&rsquo;est ta maison !\u00a0\u00bb Alors que le gouvernement a \u00e9mis une proposition de loi afin d&rsquo;abaisser l&rsquo;\u00e2ge de la responsabilit\u00e9 p\u00e9nale, ce livre bouscule les pr\u00e9jug\u00e9s sur le sujet. Un roman noir \u00e0 lire d&rsquo;une traite, comme un cri dans la nuit carc\u00e9rale.<\/p>\n<p>&nbsp;<\/p>\n<address>Par Nathalie Rich\u00e9 (Lire)<\/address>\n","protected":false},"excerpt":{"rendered":"<p>D\u00e8s 14 ans Hugues a \u00e9t\u00e9 pris en flagrant d\u00e9lit de rod\u00e9o avec une voiture vol\u00e9e et plac\u00e9 en garde \u00e0 vue. Le policier charg\u00e9 de l&rsquo;interroger le presse de d\u00e9noncer le copain qui \u00e9tait au volant. Mais il ne &hellip; <a href=\"https:\/\/contrelenfermement.noblogs.org\/?p=268\">Continuer la lecture <span class=\"meta-nav\">&rarr;<\/span><\/a><\/p>\n","protected":false},"author":5244,"featured_media":0,"comment_status":"open","ping_status":"open","sticky":false,"template":"","format":"standard","meta":{"footnotes":""},"categories":[188],"tags":[195,28,197,196],"class_list":["post-268","post","type-post","status-publish","format-standard","hentry","category-livres","tag-abdel-hafed-benotman","tag-detention","tag-experience","tag-garde-a-vie"],"_links":{"self":[{"href":"https:\/\/contrelenfermement.noblogs.org\/index.php?rest_route=\/wp\/v2\/posts\/268","targetHints":{"allow":["GET"]}}],"collection":[{"href":"https:\/\/contrelenfermement.noblogs.org\/index.php?rest_route=\/wp\/v2\/posts"}],"about":[{"href":"https:\/\/contrelenfermement.noblogs.org\/index.php?rest_route=\/wp\/v2\/types\/post"}],"author":[{"embeddable":true,"href":"https:\/\/contrelenfermement.noblogs.org\/index.php?rest_route=\/wp\/v2\/users\/5244"}],"replies":[{"embeddable":true,"href":"https:\/\/contrelenfermement.noblogs.org\/index.php?rest_route=%2Fwp%2Fv2%2Fcomments&post=268"}],"version-history":[{"count":2,"href":"https:\/\/contrelenfermement.noblogs.org\/index.php?rest_route=\/wp\/v2\/posts\/268\/revisions"}],"predecessor-version":[{"id":275,"href":"https:\/\/contrelenfermement.noblogs.org\/index.php?rest_route=\/wp\/v2\/posts\/268\/revisions\/275"}],"wp:attachment":[{"href":"https:\/\/contrelenfermement.noblogs.org\/index.php?rest_route=%2Fwp%2Fv2%2Fmedia&parent=268"}],"wp:term":[{"taxonomy":"category","embeddable":true,"href":"https:\/\/contrelenfermement.noblogs.org\/index.php?rest_route=%2Fwp%2Fv2%2Fcategories&post=268"},{"taxonomy":"post_tag","embeddable":true,"href":"https:\/\/contrelenfermement.noblogs.org\/index.php?rest_route=%2Fwp%2Fv2%2Ftags&post=268"}],"curies":[{"name":"wp","href":"https:\/\/api.w.org\/{rel}","templated":true}]}}