{"id":306,"date":"2012-04-09T00:52:25","date_gmt":"2012-04-08T23:52:25","guid":{"rendered":"http:\/\/contrelenfermement.noblogs.org\/?p=306"},"modified":"2012-06-09T00:55:43","modified_gmt":"2012-06-08T23:55:43","slug":"bruler-les-prisons-de-lapartheid-natacha-filippi","status":"publish","type":"post","link":"https:\/\/contrelenfermement.noblogs.org\/?p=306","title":{"rendered":"Br\u00fbler les prisons de l\u2019apartheid-Natacha Filippi"},"content":{"rendered":"<p>Le 27 avril 1994 se d\u00e9roulent les premi\u00e8res \u00e9lections d\u00e9mocratiques<br \/>\nmultiraciales d\u2019Afrique du Sud. Cette ann\u00e9e restera grav\u00e9e dans la<br \/>\nm\u00e9moire nationale comme le symbole de la chute d\u00e9finitive du r\u00e9gime<br \/>\nd\u2019apartheid et de la naissance d\u2019une nouvelle soci\u00e9t\u00e9, la \u00ab rainbow<br \/>\nnation \u00bb.<br \/>\nPour les prisonniers confin\u00e9s aux marges de la soci\u00e9t\u00e9, l\u2019ann\u00e9e<br \/>\n1994 est une p\u00e9riode de lutte intense, o\u00f9 la frustration et la rage de ne<br \/>\npas pouvoir participer \u00e0 l\u2019\u00e9laboration de cette nouvelle soci\u00e9t\u00e9 provoquent<br \/>\nmutineries et violences incendiaires. Qu\u2019elles soient le dernier<br \/>\nsursaut des prisons de l\u2019apartheid ou la premi\u00e8re insurrection contre<br \/>\nles institutions p\u00e9nitentiaires d\u00e9mocratiques, ces \u00e9meutes, de par leur<br \/>\nampleur et leur intensit\u00e9, constituent un moment d\u00e9cisif dans l\u2019histoire<br \/>\nnationale et internationale des r\u00e9voltes carc\u00e9rales.<br \/>\nLes premiers troubles surviennent d\u00e8s 1991 dans la prison de Pollsmoor,<br \/>\nr\u00e9put\u00e9e dans tout le pays pour ses conditions de vie extr\u00eames.<br \/>\nLe mouvement s\u2019\u00e9tend ensuite aux autres \u00e9tablissements p\u00e9nitentiaires.<br \/>\nJusqu\u2019en 1994, ces derniers seront secou\u00e9s de fa\u00e7on sporadique<br \/>\npar des gr\u00e8ves de la faim, des refus collectifs de remonter de promenade<br \/>\net des altercations toujours plus brutales entre prisonniers et<br \/>\nmatons.<br \/>\nLes prisonniers revendiquent le droit de vote ainsi qu\u2019une amnistie<br \/>\ng\u00e9n\u00e9rale, fond\u00e9e sur la reconnaissance de leur r\u00e9sistance contre le<br \/>\nr\u00e9gime d\u2019apartheid. Ils se rassemblent autour des trois gangs alli\u00e9s les<br \/>\nplus puissants au sein des prisons sud-africaines qui organisent ainsi<br \/>\ndes mutineries aux dimensions in\u00e9dites.<br \/>\nMais la violence que les prisonniers peuvent diriger vers les matons<br \/>\nn\u2019est pas suffisante pour provoquer une r\u00e9action de l\u2019opinion publique.<br \/>\nLa mise \u00e0 feu des cellules est alors utilis\u00e9e comme moyen d\u2019auto immolation.<br \/>\nLes prisonniers tentent ainsi de r\u00e9v\u00e9ler le caract\u00e8re mortif\u00e8re de la<br \/>\nlogique carc\u00e9rale qui nie leur droit \u00e0 exister en tant que citoyens et<br \/>\nsujets agissants.<br \/>\nL\u2019auteure<br \/>\nDoctorante \u00e0 l\u2019universit\u00e9 d\u2019Oxford, Natacha Filippi travaille depuis<br \/>\nplusieurs ann\u00e9es sur la question carc\u00e9rale en Afrique du Sud.<\/p>\n<address>\nParution : d\u00e9cembre 2011<br \/>\nPrix : 8 \u20ac<br \/>\nedition@syllepse.net<br \/>\nwww.syllepse.net<\/address>\n","protected":false},"excerpt":{"rendered":"<p>Le 27 avril 1994 se d\u00e9roulent les premi\u00e8res \u00e9lections d\u00e9mocratiques multiraciales d\u2019Afrique du Sud. Cette ann\u00e9e restera grav\u00e9e dans la m\u00e9moire nationale comme le symbole de la chute d\u00e9finitive du r\u00e9gime d\u2019apartheid et de la naissance d\u2019une nouvelle soci\u00e9t\u00e9, la &hellip; <a href=\"https:\/\/contrelenfermement.noblogs.org\/?p=306\">Continuer la lecture <span class=\"meta-nav\">&rarr;<\/span><\/a><\/p>\n","protected":false},"author":5244,"featured_media":0,"comment_status":"open","ping_status":"open","sticky":false,"template":"","format":"standard","meta":{"footnotes":""},"categories":[188],"tags":[224,110],"class_list":["post-306","post","type-post","status-publish","format-standard","hentry","category-livres","tag-afrique-du-sud","tag-apartheid"],"_links":{"self":[{"href":"https:\/\/contrelenfermement.noblogs.org\/index.php?rest_route=\/wp\/v2\/posts\/306","targetHints":{"allow":["GET"]}}],"collection":[{"href":"https:\/\/contrelenfermement.noblogs.org\/index.php?rest_route=\/wp\/v2\/posts"}],"about":[{"href":"https:\/\/contrelenfermement.noblogs.org\/index.php?rest_route=\/wp\/v2\/types\/post"}],"author":[{"embeddable":true,"href":"https:\/\/contrelenfermement.noblogs.org\/index.php?rest_route=\/wp\/v2\/users\/5244"}],"replies":[{"embeddable":true,"href":"https:\/\/contrelenfermement.noblogs.org\/index.php?rest_route=%2Fwp%2Fv2%2Fcomments&post=306"}],"version-history":[{"count":1,"href":"https:\/\/contrelenfermement.noblogs.org\/index.php?rest_route=\/wp\/v2\/posts\/306\/revisions"}],"predecessor-version":[{"id":308,"href":"https:\/\/contrelenfermement.noblogs.org\/index.php?rest_route=\/wp\/v2\/posts\/306\/revisions\/308"}],"wp:attachment":[{"href":"https:\/\/contrelenfermement.noblogs.org\/index.php?rest_route=%2Fwp%2Fv2%2Fmedia&parent=306"}],"wp:term":[{"taxonomy":"category","embeddable":true,"href":"https:\/\/contrelenfermement.noblogs.org\/index.php?rest_route=%2Fwp%2Fv2%2Fcategories&post=306"},{"taxonomy":"post_tag","embeddable":true,"href":"https:\/\/contrelenfermement.noblogs.org\/index.php?rest_route=%2Fwp%2Fv2%2Ftags&post=306"}],"curies":[{"name":"wp","href":"https:\/\/api.w.org\/{rel}","templated":true}]}}