{"id":324,"date":"2012-06-10T10:54:12","date_gmt":"2012-06-10T09:54:12","guid":{"rendered":"http:\/\/contrelenfermement.noblogs.org\/?p=324"},"modified":"2012-06-10T10:54:12","modified_gmt":"2012-06-10T09:54:12","slug":"communique-pour-philippe-el-shenneway-paris-le-7-juin-2012","status":"publish","type":"post","link":"https:\/\/contrelenfermement.noblogs.org\/?p=324","title":{"rendered":"Communiqu\u00e9 pour Philippe El Shenneway, Paris, le 7 juin 2012"},"content":{"rendered":"<p>Ces quelques lignes dans le but de vous informer de la situation de Monsieur Philippe El<br \/>\nShennawy, cinquante-huit ans. Il a d\u00e9cid\u00e9 depuis deux semaines de se laisser mourir de faim dans<br \/>\nune cellule de la maison centrale de Poissy, pr\u00e8s de Paris. Il n\u2019a rien aval\u00e9 depuis le 23 mai dernier.<br \/>\nPeut-\u00eatre connaissez-vous Monsieur El Shennawy, personnellement ou de r\u00e9putation. Son<br \/>\nnom \u00e9voque pour la presse \u00e0 sensations une condamnation de la France par la Cour europ\u00e9enne des<br \/>\ndroits de l\u2019homme \u00e0 cause des fouilles incessantes impos\u00e9es par l\u2019administration, son \u00e9vasion de<br \/>\nl\u2019Unit\u00e9 pour Malades Difficiles (UMD) de Montfavet pour r\u00e9sister \u00e0 la folie vers laquelle le poussait<br \/>\nl\u2019institution psychiatrique, sa pr\u00e9sidence d\u2019honneur de l\u2019association Ban Public, ou encore le c\u00e9l\u00e8bre<br \/>\nbraquage de l\u2019avenue de Breteuil, au milieu des ann\u00e9es 70, dans lequel il nie toujours formellement<br \/>\nla moindre implication.<br \/>\nPhilippe El Shennawy incarne aussi, pour beaucoup, une sorte de figure embl\u00e9matique de la<br \/>\n\u00ab longue peine \u00bb, de la tr\u00e8s longue peine. Bient\u00f4t de la peine infinie.<br \/>\nA cinquante-huit ans, il a v\u00e9cu emmur\u00e9 vivant presque en continu depuis 1975, date de sa<br \/>\npremi\u00e8re incarc\u00e9ration pour un vol \u00e0 main arm\u00e9e.<br \/>\nIl a tourn\u00e9 dans quasiment toutes les prisons de France, baluchonn\u00e9, \u00e9tiquet\u00e9 D.P.S, plac\u00e9<br \/>\npendant 19 ans \u00e0 l\u2019isolement.<br \/>\nPlus de trente-sept ann\u00e9es plus tard, il est toujours en prison, accumulant des peines qu\u2019il lui<br \/>\nreste \u00e0 faire de 3 ans, 5 ans, 10 ans, 2 ans, 13 ans&#8230; Toujours sans avoir la plus petite goutte de sang<br \/>\nsur les mains. Il est sous le coup d\u2019une peine de s\u00fbret\u00e9 qui court jusqu\u2019en 2018.<br \/>\nComme les condamnations dont il a \u00e9cop\u00e9 sont tomb\u00e9es pour des faits commis tous en<br \/>\nm\u00eame temps (\u00e0 vrai dire, pour financer ses quelques mois de cavale), Monsieur El Shennawy a<br \/>\ndemand\u00e9 une confusion de peines aux magistrats, afin que les peines les moins graves soient<br \/>\n\u00ab absorb\u00e9es \u00bb par les peines les plus importantes. Il l\u2019a fait pour essayer de retrouver un horizon,<br \/>\npour pouvoir \u00e0 nouveau s\u2019imaginer un avenir, pour ne pas continuer \u00e0 attendre et \u00e0 faire attendre<br \/>\nsa femme, ses enfants et petits-enfants, comme \u00e7a, sans savoir.<br \/>\nMais le 18 mai dernier, la Chambre de l\u2019instruction de la Cour d\u2019appel de Versailles s\u2019est<br \/>\ncontent\u00e9e de ramener sa date de fin de peine de 2036 \u00e0 2032, comme si cela changeait<br \/>\nv\u00e9ritablement quelque chose, comme si c\u2019\u00e9tait ce qu\u2019il lui demandait, alors qu\u2019elle aurait<br \/>\nl\u00e9galement pu rapporter cette date de fin de peine vers l\u2019ann\u00e9e 2017.<br \/>\nIl n\u2019y a aucune motivation \u00e0 cette d\u00e9cision.<br \/>\nLa seule chose \u00e0 comprendre, c\u2019est que pour la Chambre de l\u2019instruction, il serait<br \/>\nparfaitement normal que Monsieur El Shennawy ne sorte qu\u2019\u00e0 78 ans, apr\u00e8s avoir \u00e9t\u00e9 priv\u00e9 de ses<br \/>\nlibert\u00e9s pendant pr\u00e8s de 54 ans.<br \/>\nLa trajectoire de Philippe El Shennawy est tr\u00e8s particuli\u00e8re, elle ne ressemble \u00e0 aucune autre.<br \/>\nIl n\u2019emp\u00eache qu\u2019il fait partie de ces centaines d\u2019hommes en France qui, condamn\u00e9s \u00e0 la r\u00e9clusion<br \/>\ncriminelle \u00e0 perp\u00e9tuit\u00e9 ou, tout simplement, \u00e0 des peines \u00e0 temps d\u2019une longueur infinie ou qui<br \/>\ns\u2019accumulent entre elles, perdent de plus en plus l\u2019espoir d\u2019une perspective r\u00e9aliste de sortie.<br \/>\nSon histoire est tout \u00e0 fait propre \u00e0 sa personne, son caract\u00e8re, son entourage (heureusement<br \/>\nencore extr\u00eamement pr\u00e9sent). C\u2019est un homme d\u2019une grande intelligence et d\u2019un grand courage.<br \/>\nDans le m\u00eame temps, son histoire pose vraiment des probl\u00e8mes beaucoup plus g\u00e9n\u00e9raux<br \/>\ncomme l\u2019allongement et l\u2019accumulation des peines prononc\u00e9es par les magistrats et les jur\u00e9s, les<br \/>\ndiscours publics de plus en plus pr\u00e9sents sur la \u00ab dangerosit\u00e9 \u00bb suppos\u00e9e des uns et des autres,<br \/>\nl\u2019isolement et la solitude toujours plus grands ou, tout simplement, les peines de mort d\u00e9guis\u00e9es.<br \/>\nPhilippe El Shennawy n\u2019attend plus rien. Il ne demande plus rien. Il veut juste essayer de<br \/>\nfaire en sorte que les gens, dehors, sachent que des situations comme la sienne existent. Et combien<br \/>\nelles sont difficilement supportables pour ceux qui les vivent et leurs proches.<br \/>\nMonsieur El Shennawy esp\u00e8re que les choses vont changer. Pas pour lui, il n\u2019y croit plus,<br \/>\nmais pour les autres.<br \/>\nS\u2019il a compl\u00e8tement cess\u00e9 de s\u2019alimenter, il boit encore de l\u2019eau.<br \/>\nC\u2019est un homme fort, solide, mais d\u00e9j\u00e0 affaibli par une gr\u00e8ve de la faim pr\u00e9c\u00e9dente, de 80<br \/>\njours.<br \/>\nSon d\u00e9sespoir commence \u00e0 \u00eatre plus que pesant.<br \/>\nSurtout, il faut bien comprendre une chose. Cette fois, Monsieur El Shennawy n\u2019est pas en<br \/>\ngr\u00e8ve de la faim.<br \/>\nIl n\u2019a pas de revendications.<br \/>\nIl n\u2019en peut tout simplement plus.<br \/>\nIl veut juste que \u00e7a s\u2019arr\u00eate. Et il importait que vous en soyez averti, que ce d\u00e9ni d\u2019humanit\u00e9<br \/>\nne reste pas dans l\u2019ombre.<br \/>\nSi vous voulez \u00e9crire \u00e0 Monsieur Philippe El Shennawy, son adresse est la suivante :<br \/>\nMaison centrale de Poissy,<br \/>\n17, rue de l\u2019Abbaye,<br \/>\n78 303 Poissy Cedex.<br \/>\nMerci de bien vouloir faire en sorte que cette information circule le plus possible, dans tous les<br \/>\n\u00e9tablissements p\u00e9nitentiaires de France.<\/p>\n","protected":false},"excerpt":{"rendered":"<p>Ces quelques lignes dans le but de vous informer de la situation de Monsieur Philippe El Shennawy, cinquante-huit ans. Il a d\u00e9cid\u00e9 depuis deux semaines de se laisser mourir de faim dans une cellule de la maison centrale de Poissy, &hellip; <a href=\"https:\/\/contrelenfermement.noblogs.org\/?p=324\">Continuer la lecture <span class=\"meta-nav\">&rarr;<\/span><\/a><\/p>\n","protected":false},"author":5244,"featured_media":0,"comment_status":"open","ping_status":"open","sticky":false,"template":"","format":"standard","meta":{"footnotes":""},"categories":[68,204,3],"tags":[62,108,15],"class_list":["post-324","post","type-post","status-publish","format-standard","hentry","category-actualites-informations","category-appel-a-soutien","category-prisons","tag-enfermement","tag-greve-de-la-faim","tag-prison"],"_links":{"self":[{"href":"https:\/\/contrelenfermement.noblogs.org\/index.php?rest_route=\/wp\/v2\/posts\/324","targetHints":{"allow":["GET"]}}],"collection":[{"href":"https:\/\/contrelenfermement.noblogs.org\/index.php?rest_route=\/wp\/v2\/posts"}],"about":[{"href":"https:\/\/contrelenfermement.noblogs.org\/index.php?rest_route=\/wp\/v2\/types\/post"}],"author":[{"embeddable":true,"href":"https:\/\/contrelenfermement.noblogs.org\/index.php?rest_route=\/wp\/v2\/users\/5244"}],"replies":[{"embeddable":true,"href":"https:\/\/contrelenfermement.noblogs.org\/index.php?rest_route=%2Fwp%2Fv2%2Fcomments&post=324"}],"version-history":[{"count":1,"href":"https:\/\/contrelenfermement.noblogs.org\/index.php?rest_route=\/wp\/v2\/posts\/324\/revisions"}],"predecessor-version":[{"id":325,"href":"https:\/\/contrelenfermement.noblogs.org\/index.php?rest_route=\/wp\/v2\/posts\/324\/revisions\/325"}],"wp:attachment":[{"href":"https:\/\/contrelenfermement.noblogs.org\/index.php?rest_route=%2Fwp%2Fv2%2Fmedia&parent=324"}],"wp:term":[{"taxonomy":"category","embeddable":true,"href":"https:\/\/contrelenfermement.noblogs.org\/index.php?rest_route=%2Fwp%2Fv2%2Fcategories&post=324"},{"taxonomy":"post_tag","embeddable":true,"href":"https:\/\/contrelenfermement.noblogs.org\/index.php?rest_route=%2Fwp%2Fv2%2Ftags&post=324"}],"curies":[{"name":"wp","href":"https:\/\/api.w.org\/{rel}","templated":true}]}}