{"id":330,"date":"2012-04-11T22:16:58","date_gmt":"2012-04-11T21:16:58","guid":{"rendered":"http:\/\/contrelenfermement.noblogs.org\/?p=330"},"modified":"2012-06-11T22:20:20","modified_gmt":"2012-06-11T21:20:20","slug":"plaidoyer-pour-les-justes-de-aissa-lacheb-boukachache","status":"publish","type":"post","link":"https:\/\/contrelenfermement.noblogs.org\/?p=330","title":{"rendered":"Plaidoyer pour les justes de A\u00efssa Lacheb-Boukachache"},"content":{"rendered":"<p style=\"text-align: center\"><img loading=\"lazy\" decoding=\"async\" src=\"http:\/\/www.afrik.com\/local\/cache-vignettes\/L100xH154\/arton3535-6dfe4.jpg\" alt=\"\" width=\"100\" height=\"154\" border=\"0\" \/><\/p>\n<div style=\"text-align: center\">\n<p>Dans Plaidoyer pour les justes, A\u00efssa Lacheb-Boukachache, fils de harki, s\u2019\u00e9l\u00e8ve contre l\u2019erreur judiciaire dont il a \u00e9t\u00e9 victime \u00e0 cause de ses origines. Malheureusement, son cri se perd dans les redondances.<\/p>\n<\/div>\n<div>\n<p style=\"text-align: center\"><em>Plaidoyer pour les justes<\/em> est une harangue violente contre le syst\u00e8me judiciaire fran\u00e7ais qui a condamn\u00e9 A\u00efssa Lacheb-Boukachache \u00e0 quinze ans de r\u00e9clusion criminelle assorties d\u2019une mesure de s\u00fbret\u00e9 de dix ann\u00e9es. \u00a0\u00bb Tout cela pour un simple hold-up o\u00f9 je n\u2019ai tu\u00e9, bless\u00e9, frapp\u00e9, pris en otage personne \u00ab\u00a0, explique-t-il, amer. Ce qui justifie la col\u00e8re que l\u2019auteur, fils de harki, laisse exploser dans ses pages. \u00a0\u00bb J\u2019ai commenc\u00e9 chaque chapitre calmement, je les ai finis dans la haine \u00ab\u00a0, \u00e9crit-il dans sa lettre aux maisons d\u2019\u00e9dition.<\/p>\n<p style=\"text-align: center\">A\u00efssa raconte, la haine au ventre, ses journ\u00e9es qui n\u2019en finissent pas et sa cohabitation parfois hyst\u00e9rique avec son compagnon de cellule, Elie. Ce livre est \u00e0 la fois une catharsis (\u00a0\u00bb Il faut gueuler, quelquefois, pour \u00eatre toujours vivant \u00ab\u00a0) et un t\u00e9moignage pour aider \u00a0\u00bb un seul de ces prisonniers \u00e0 trouver ou retrouver l\u2019amour de vivre, surtout si celui-l\u00e0 est jeune, d\u00e9muni et seul \u00ab\u00a0.<\/p>\n<p style=\"text-align: center\"><strong>Le cri d\u2019A\u00efssa<\/strong><\/p>\n<p style=\"text-align: center\">Malheureusement, le cri d\u2019A\u00efssa Lacheb-Boukachache perd de sa force au fil des pages. Les redondances s\u2019additionnent. Et contrairement \u00e0 ce que dit l\u2019auteur, pour d\u00e9noncer, il ne faut pas obligatoirement \u00a0\u00bb remplir des pages d\u2019\u00e9criture \u00ab\u00a0. Un texte plus court aurait \u00e9t\u00e9 tout aussi incisif. Ce qui d\u00e9range aussi, dans le texte, ce sont les affirmations peu objectives qu\u2019ass\u00e8ne r\u00e9guli\u00e8rement l\u2019auteur. \u00a0\u00bb Tous les juges sont des salauds, tous les prisonniers des erreurs judiciaires \u00ab\u00a0. Et si le lecteur n\u2019est pas d\u2019accord avec \u00e7a, c\u2019est qu\u2019il est forc\u00e9ment l\u2019un de ces salauds qu\u2019A\u00efssa Lacheb-Boukachache d\u00e9nonce \u00e0 longueur de pages.<\/p>\n<p style=\"text-align: center\">Les erreurs judiciaires, bas\u00e9es sur le racisme, doivent \u00eatre d\u00e9nonc\u00e9es. Mais lorsqu\u2019on relit les pages \u00e9crites par Mummia Abu-Jammal (Afro-am\u00e9ricain condamn\u00e9 \u00e0 la peine capitale en 1982 lors d\u2019un proc\u00e8s in\u00e9quitable, qui clame son innocence depuis le couloir de la mort, ndlr), on ressent \u00e0 quel point il manque quelque chose \u00e0 A\u00efssa Lacheb-Boukachache. Peut-\u00eatre sa part d\u2019humanisme, morte en prison.<\/p>\n<p style=\"text-align: center\">source : http:\/\/www.afrik.com\/article3535.html<\/p>\n<\/div>\n","protected":false},"excerpt":{"rendered":"<p>Dans Plaidoyer pour les justes, A\u00efssa Lacheb-Boukachache, fils de harki, s\u2019\u00e9l\u00e8ve contre l\u2019erreur judiciaire dont il a \u00e9t\u00e9 victime \u00e0 cause de ses origines. Malheureusement, son cri se perd dans les redondances. Plaidoyer pour les justes est une harangue violente &hellip; <a href=\"https:\/\/contrelenfermement.noblogs.org\/?p=330\">Continuer la lecture <span class=\"meta-nav\">&rarr;<\/span><\/a><\/p>\n","protected":false},"author":5244,"featured_media":0,"comment_status":"open","ping_status":"open","sticky":false,"template":"","format":"standard","meta":{"footnotes":""},"categories":[188],"tags":[227,232,233,231,230,229,228],"class_list":["post-330","post","type-post","status-publish","format-standard","hentry","category-livres","tag-aissa-lacheb-boukachache","tag-algerie","tag-double-peine","tag-harki","tag-injustice","tag-juste","tag-playdoyer"],"_links":{"self":[{"href":"https:\/\/contrelenfermement.noblogs.org\/index.php?rest_route=\/wp\/v2\/posts\/330","targetHints":{"allow":["GET"]}}],"collection":[{"href":"https:\/\/contrelenfermement.noblogs.org\/index.php?rest_route=\/wp\/v2\/posts"}],"about":[{"href":"https:\/\/contrelenfermement.noblogs.org\/index.php?rest_route=\/wp\/v2\/types\/post"}],"author":[{"embeddable":true,"href":"https:\/\/contrelenfermement.noblogs.org\/index.php?rest_route=\/wp\/v2\/users\/5244"}],"replies":[{"embeddable":true,"href":"https:\/\/contrelenfermement.noblogs.org\/index.php?rest_route=%2Fwp%2Fv2%2Fcomments&post=330"}],"version-history":[{"count":2,"href":"https:\/\/contrelenfermement.noblogs.org\/index.php?rest_route=\/wp\/v2\/posts\/330\/revisions"}],"predecessor-version":[{"id":332,"href":"https:\/\/contrelenfermement.noblogs.org\/index.php?rest_route=\/wp\/v2\/posts\/330\/revisions\/332"}],"wp:attachment":[{"href":"https:\/\/contrelenfermement.noblogs.org\/index.php?rest_route=%2Fwp%2Fv2%2Fmedia&parent=330"}],"wp:term":[{"taxonomy":"category","embeddable":true,"href":"https:\/\/contrelenfermement.noblogs.org\/index.php?rest_route=%2Fwp%2Fv2%2Fcategories&post=330"},{"taxonomy":"post_tag","embeddable":true,"href":"https:\/\/contrelenfermement.noblogs.org\/index.php?rest_route=%2Fwp%2Fv2%2Ftags&post=330"}],"curies":[{"name":"wp","href":"https:\/\/api.w.org\/{rel}","templated":true}]}}