{"id":356,"date":"2012-04-19T00:33:24","date_gmt":"2012-04-18T23:33:24","guid":{"rendered":"http:\/\/contrelenfermement.noblogs.org\/?p=356"},"modified":"2012-06-19T00:35:16","modified_gmt":"2012-06-18T23:35:16","slug":"marche-pour-farid-mort-en-prison","status":"publish","type":"post","link":"https:\/\/contrelenfermement.noblogs.org\/?p=356","title":{"rendered":"Marche pour Farid, mort en prison&#8230;"},"content":{"rendered":"<p>Samedi 22 Janvier 2011 dans les rues de Givors, entre Lyon et Saint-Etienne, plus de 300 personnes d\u00e9filent pour rendre hommage \u00e0 Farid, mort en d\u00e9tention. Une fois de plus les circonstances du d\u00e9c\u00e8s d\u00e9fendues par l\u2019administration p\u00e9nitentiaire ne sont pas convaincantes et sont rejet\u00e9es par la famille et les amis qui crient leur col\u00e8re.<\/p>\n<p>Reportage de l\u2019\u00e9mission <a href=\"http:\/\/audioblog.arteradio.com\/megacombi\" rel=\"external\">M\u00e9gacombi<\/a> diffus\u00e9 le 24 janvier sur <a href=\"http:\/\/www.radiocanut.org\/\" rel=\"external\">Radio Canut<\/a><\/p>\n<dl>\n<dd><\/dd>\n<\/dl>\n<p>25min &#8211; MP3 &#8211; 192kb\/s &#8211; 36 Mo<\/p>\n<p>t\u00e9l\u00e9charger\u00a0:<\/p>\n<dl>\n<dt><a title=\"MP3 - 35.4 Mo\" href=\"http:\/\/sonsenluttes.net\/IMG\/mp3\/MarchePourFaridMortSuspecteEnPrisonSonsEnLUtte.mp3\"><img loading=\"lazy\" decoding=\"async\" src=\"http:\/\/sonsenluttes.net\/local\/cache-vignettes\/L52xH52\/mp3-a863e.png\" alt=\"MP3 - 35.4 Mo\" width=\"52\" height=\"52\" \/><\/a><\/dt>\n<dt><\/dt>\n<dt>http:\/\/sonsenluttes.net\/spip.php?article246<\/dt>\n<\/dl>\n","protected":false},"excerpt":{"rendered":"<p>Samedi 22 Janvier 2011 dans les rues de Givors, entre Lyon et Saint-Etienne, plus de 300 personnes d\u00e9filent pour rendre hommage \u00e0 Farid, mort en d\u00e9tention. Une fois de plus les circonstances du d\u00e9c\u00e8s d\u00e9fendues par l\u2019administration p\u00e9nitentiaire ne sont &hellip; <a href=\"https:\/\/contrelenfermement.noblogs.org\/?p=356\">Continuer la lecture <span class=\"meta-nav\">&rarr;<\/span><\/a><\/p>\n","protected":false},"author":5244,"featured_media":0,"comment_status":"open","ping_status":"open","sticky":false,"template":"","format":"standard","meta":{"footnotes":""},"categories":[10,240],"tags":[245,96,246,15,247,248],"class_list":["post-356","post","type-post","status-publish","format-standard","hentry","category-ils-ont-ete-tues","category-sons","tag-farid","tag-lyon","tag-mort","tag-prison","tag-radio-canut","tag-st-etienne"],"_links":{"self":[{"href":"https:\/\/contrelenfermement.noblogs.org\/index.php?rest_route=\/wp\/v2\/posts\/356","targetHints":{"allow":["GET"]}}],"collection":[{"href":"https:\/\/contrelenfermement.noblogs.org\/index.php?rest_route=\/wp\/v2\/posts"}],"about":[{"href":"https:\/\/contrelenfermement.noblogs.org\/index.php?rest_route=\/wp\/v2\/types\/post"}],"author":[{"embeddable":true,"href":"https:\/\/contrelenfermement.noblogs.org\/index.php?rest_route=\/wp\/v2\/users\/5244"}],"replies":[{"embeddable":true,"href":"https:\/\/contrelenfermement.noblogs.org\/index.php?rest_route=%2Fwp%2Fv2%2Fcomments&post=356"}],"version-history":[{"count":1,"href":"https:\/\/contrelenfermement.noblogs.org\/index.php?rest_route=\/wp\/v2\/posts\/356\/revisions"}],"predecessor-version":[{"id":357,"href":"https:\/\/contrelenfermement.noblogs.org\/index.php?rest_route=\/wp\/v2\/posts\/356\/revisions\/357"}],"wp:attachment":[{"href":"https:\/\/contrelenfermement.noblogs.org\/index.php?rest_route=%2Fwp%2Fv2%2Fmedia&parent=356"}],"wp:term":[{"taxonomy":"category","embeddable":true,"href":"https:\/\/contrelenfermement.noblogs.org\/index.php?rest_route=%2Fwp%2Fv2%2Fcategories&post=356"},{"taxonomy":"post_tag","embeddable":true,"href":"https:\/\/contrelenfermement.noblogs.org\/index.php?rest_route=%2Fwp%2Fv2%2Ftags&post=356"}],"curies":[{"name":"wp","href":"https:\/\/api.w.org\/{rel}","templated":true}]}}