{"id":358,"date":"2012-04-19T00:36:15","date_gmt":"2012-04-18T23:36:15","guid":{"rendered":"http:\/\/contrelenfermement.noblogs.org\/?p=358"},"modified":"2012-06-19T00:40:53","modified_gmt":"2012-06-18T23:40:53","slug":"paroles-en-liberte-surveillee","status":"publish","type":"post","link":"https:\/\/contrelenfermement.noblogs.org\/?p=358","title":{"rendered":"Paroles en libert\u00e9 surveill\u00e9e"},"content":{"rendered":"<p>Montage r\u00e9alis\u00e9 d\u2019apr\u00e8s le film d\u2019Olivier Coussemacq (1991)-T\u00e9moignages de prisonniers longue peine<\/p>\n<div>\n<div>\n<dl>\n<dd><\/dd>\n<\/dl>\n<p><strong>caract\u00e9ristiques techniques\u00a0:<\/strong><br \/>\n<a href=\"http:\/\/www.canalsud.net\/\" rel=\"external\">Canal Sud<\/a><br \/>\n23 minutes &#8211; mp3 &#8211; 64 kbps -10.5 Mo<\/p>\n<p>t\u00e9l\u00e9charger\u00a0:<\/p>\n<dl>\n<dt><a title=\"MP3 - 10.5 Mo\" href=\"http:\/\/sonsenluttes.net\/IMG\/mp3\/Montage_Paroles.mp3\"><img loading=\"lazy\" decoding=\"async\" src=\"http:\/\/sonsenluttes.net\/local\/cache-vignettes\/L52xH52\/mp3-a863e.png\" alt=\"MP3 - 10.5 Mo\" width=\"52\" height=\"52\" \/><\/a><\/dt>\n<dt><\/dt>\n<dt>source : http:\/\/sonsenluttes.net\/spip.php?article96<\/dt>\n<\/dl>\n<\/div>\n<\/div>\n","protected":false},"excerpt":{"rendered":"<p>Montage r\u00e9alis\u00e9 d\u2019apr\u00e8s le film d\u2019Olivier Coussemacq (1991)-T\u00e9moignages de prisonniers longue peine caract\u00e9ristiques techniques\u00a0: Canal Sud 23 minutes &#8211; mp3 &#8211; 64 kbps -10.5 Mo t\u00e9l\u00e9charger\u00a0: source : http:\/\/sonsenluttes.net\/spip.php?article96<\/p>\n","protected":false},"author":5244,"featured_media":0,"comment_status":"open","ping_status":"open","sticky":false,"template":"","format":"standard","meta":{"footnotes":""},"categories":[240],"tags":[251,252,250,246,117,249,16],"class_list":["post-358","post","type-post","status-publish","format-standard","hentry","category-sons","tag-18-ans","tag-hommage","tag-kira","tag-mort","tag-proche","tag-umut","tag-violence"],"_links":{"self":[{"href":"https:\/\/contrelenfermement.noblogs.org\/index.php?rest_route=\/wp\/v2\/posts\/358","targetHints":{"allow":["GET"]}}],"collection":[{"href":"https:\/\/contrelenfermement.noblogs.org\/index.php?rest_route=\/wp\/v2\/posts"}],"about":[{"href":"https:\/\/contrelenfermement.noblogs.org\/index.php?rest_route=\/wp\/v2\/types\/post"}],"author":[{"embeddable":true,"href":"https:\/\/contrelenfermement.noblogs.org\/index.php?rest_route=\/wp\/v2\/users\/5244"}],"replies":[{"embeddable":true,"href":"https:\/\/contrelenfermement.noblogs.org\/index.php?rest_route=%2Fwp%2Fv2%2Fcomments&post=358"}],"version-history":[{"count":1,"href":"https:\/\/contrelenfermement.noblogs.org\/index.php?rest_route=\/wp\/v2\/posts\/358\/revisions"}],"predecessor-version":[{"id":359,"href":"https:\/\/contrelenfermement.noblogs.org\/index.php?rest_route=\/wp\/v2\/posts\/358\/revisions\/359"}],"wp:attachment":[{"href":"https:\/\/contrelenfermement.noblogs.org\/index.php?rest_route=%2Fwp%2Fv2%2Fmedia&parent=358"}],"wp:term":[{"taxonomy":"category","embeddable":true,"href":"https:\/\/contrelenfermement.noblogs.org\/index.php?rest_route=%2Fwp%2Fv2%2Fcategories&post=358"},{"taxonomy":"post_tag","embeddable":true,"href":"https:\/\/contrelenfermement.noblogs.org\/index.php?rest_route=%2Fwp%2Fv2%2Ftags&post=358"}],"curies":[{"name":"wp","href":"https:\/\/api.w.org\/{rel}","templated":true}]}}