{"id":370,"date":"2012-06-20T11:17:43","date_gmt":"2012-06-20T10:17:43","guid":{"rendered":"http:\/\/contrelenfermement.noblogs.org\/?p=370"},"modified":"2012-06-23T11:37:22","modified_gmt":"2012-06-23T10:37:22","slug":"regards-croises-sur-les-prisons-et-les-revoltes-carcerales-en-afrique-du-sud-et-en-france-rencontredebat-avec-hafed-benotman-et-natacha-filippi","status":"publish","type":"post","link":"https:\/\/contrelenfermement.noblogs.org\/?p=370","title":{"rendered":"28 juin: Regards crois\u00e9s sur les prisons et les r\u00e9voltes carc\u00e9rales en Afrique du Sud et en France  Rencontre\/d\u00e9bat avec Hafed Benotman et  Natacha Filippi"},"content":{"rendered":"<p><strong>Titre: <\/strong>Regards crois\u00e9s sur les prisons et les r\u00e9voltes carc\u00e9rales en Afrique du Sud et en France Rencontre\/d\u00e9bat avec Hafed Benotman et Natacha Filippi<br \/>\n<strong>Lieu: <\/strong>monte en l&rsquo;air \/ 2, rue de la mare (\u00e0 l&rsquo;angle avec le 71 rue de m\u00e9nilmontant) 75020 Paris \/ M\u00e9tro M\u00e9nilmontant.<br \/>\n<strong>Lien vers: <\/strong><a href=\"http:\/\/www.syllepse.net\/lng_FR_srub_37_iprod_499-Bruler-les-prisons-de-l-apartheid.html\" target=\"_blanck\">Cliquer ici<\/a><br \/>\n<strong>Description: <\/strong>Regards crois\u00e9s sur les prisons et les r\u00e9voltes carc\u00e9rales en Afrique du Sud et en France<\/p>\n<p>Rencontre\/d\u00e9bat avec Hafed Benotman et Natacha Filippi autour du livre Br\u00fbler les prisons de l\u2019apartheid, Editions Syllepse<\/p>\n<p>En 1994, l\u2019ann\u00e9e des premi\u00e8res \u00e9lections multi-raciales de l\u2019Afrique du Sud, des mutineries, des mises \u00e0 feu de cellules, de sit-in et des gr\u00e8ves de la faim collectives secouent les prisons du pays. Qu&rsquo;ils soient le dernier sursaut des prisons de l&rsquo;apartheid ou la premi\u00e8re insurrection contre les institutions p\u00e9nitentiaires d\u00e9mocratiques, ces mouvements, de par leur ampleur, constituent un moment d\u2019intensit\u00e9 exceptionnelle dans l&rsquo;histoire nationale et internationale des r\u00e9voltes carc\u00e9rales. Ces r\u00e9voltes, qui depuis la naissance des prisons ponctuent les changements de r\u00e9gime dans le monde entier, sont rarement anachroniques. Elles sont le reflet des ambigu\u00eft\u00e9s et des contradictions pr\u00e9sentes dans le reste du pays. Elles rappellent avec acuit\u00e9 que les soci\u00e9t\u00e9s qui tentent d\u2019\u00e9tablir de nouvelles bases du vivre-ensemble recr\u00e9ent par l\u00e0 m\u00eame les marges o\u00f9 elles rej\u00e8teront tous ceux qu\u2019elles consid\u00e8rent comme d\u00e9viant du droit chemin et de la norme.<\/p>\n<p>Loin d\u2019\u00eatre une simple situation d\u2019exception, l\u2019apartheid en Afrique du Sud est un verre grossissant qui permet de r\u00e9v\u00e9ler, dans des pays comme la France o\u00f9 elles apparaissent sous une forme plus camoufl\u00e9e, les logiques qui sous-tendent la gestion (post)coloniale des populations \u00e0 travers le quadrillage de leur territoire, des lois toujours plus nombreuses sanctionnant les moindres gestes quotidiens et une politique d\u2019incarc\u00e9ration de masse.<\/p>\n<p>En France, les nombreuses mutineries des ann\u00e9es 1970 sont longtemps rest\u00e9es grav\u00e9es dans les m\u00e9moires comme les derni\u00e8res v\u00e9ritables r\u00e9voltes carc\u00e9rales avant que la r\u00e9pression et les nouvelles techniques disciplinaires \u00e9touffent toute protestation de l\u2019int\u00e9rieur. Pourtant, cette ann\u00e9e encore, des d\u00e9buts de protestation collective, imm\u00e9diatement r\u00e9prim\u00e9es, des gr\u00e8ves de la faim et des p\u00e9titions sont n\u00e9s dans les prisons de Vezin-le-Coquet, St Brieuc, Rouanne, Annouellin&#8230; En Afrique du Sud comme en France, il est n\u00e9cessaire de briser l\u2019isolement des d\u00e9tenus ; de d\u00e9voiler les fonctionnements diff\u00e9rents de la justice pour les riches et les pauvres, pour les habitants de quartiers populaires et les Blancs des centres-villes ; et de comprendre comment l\u2019administration p\u00e9nitentiaire harc\u00e8le et muselle ceux qui osent riposter.<br \/>\n<strong>Heure d\u00e9but: <\/strong>19H00<br \/>\n<strong>Date: <\/strong>2012-06-28<\/p>\n","protected":false},"excerpt":{"rendered":"<p>Titre: Regards crois\u00e9s sur les prisons et les r\u00e9voltes carc\u00e9rales en Afrique du Sud et en France Rencontre\/d\u00e9bat avec Hafed Benotman et Natacha Filippi Lieu: monte en l&rsquo;air \/ 2, rue de la mare (\u00e0 l&rsquo;angle avec le 71 rue &hellip; <a href=\"https:\/\/contrelenfermement.noblogs.org\/?p=370\">Continuer la lecture <span class=\"meta-nav\">&rarr;<\/span><\/a><\/p>\n","protected":false},"author":5244,"featured_media":0,"comment_status":"open","ping_status":"open","sticky":false,"template":"","format":"standard","meta":{"footnotes":""},"categories":[1],"tags":[],"class_list":["post-370","post","type-post","status-publish","format-standard","hentry","category-general"],"_links":{"self":[{"href":"https:\/\/contrelenfermement.noblogs.org\/index.php?rest_route=\/wp\/v2\/posts\/370","targetHints":{"allow":["GET"]}}],"collection":[{"href":"https:\/\/contrelenfermement.noblogs.org\/index.php?rest_route=\/wp\/v2\/posts"}],"about":[{"href":"https:\/\/contrelenfermement.noblogs.org\/index.php?rest_route=\/wp\/v2\/types\/post"}],"author":[{"embeddable":true,"href":"https:\/\/contrelenfermement.noblogs.org\/index.php?rest_route=\/wp\/v2\/users\/5244"}],"replies":[{"embeddable":true,"href":"https:\/\/contrelenfermement.noblogs.org\/index.php?rest_route=%2Fwp%2Fv2%2Fcomments&post=370"}],"version-history":[{"count":2,"href":"https:\/\/contrelenfermement.noblogs.org\/index.php?rest_route=\/wp\/v2\/posts\/370\/revisions"}],"predecessor-version":[{"id":374,"href":"https:\/\/contrelenfermement.noblogs.org\/index.php?rest_route=\/wp\/v2\/posts\/370\/revisions\/374"}],"wp:attachment":[{"href":"https:\/\/contrelenfermement.noblogs.org\/index.php?rest_route=%2Fwp%2Fv2%2Fmedia&parent=370"}],"wp:term":[{"taxonomy":"category","embeddable":true,"href":"https:\/\/contrelenfermement.noblogs.org\/index.php?rest_route=%2Fwp%2Fv2%2Fcategories&post=370"},{"taxonomy":"post_tag","embeddable":true,"href":"https:\/\/contrelenfermement.noblogs.org\/index.php?rest_route=%2Fwp%2Fv2%2Ftags&post=370"}],"curies":[{"name":"wp","href":"https:\/\/api.w.org\/{rel}","templated":true}]}}